{"id":3796,"date":"2025-10-14T10:25:59","date_gmt":"2025-10-14T08:25:59","guid":{"rendered":"https:\/\/moov.law\/la-reforme-du-cadre-juridique-des-partis-politiques-europeens-enjeux-et-perspectives\/"},"modified":"2026-01-15T13:26:33","modified_gmt":"2026-01-15T12:26:33","slug":"la-reforme-du-cadre-juridique-des-partis-politiques-europeens-enjeux-et-perspectives","status":"publish","type":"post","link":"https:\/\/moov.law\/en\/la-reforme-du-cadre-juridique-des-partis-politiques-europeens-enjeux-et-perspectives\/","title":{"rendered":"La r\u00e9forme du cadre juridique des partis politiques europ\u00e9ens : enjeux et perspectives"},"content":{"rendered":"\n<p>(<em>english version below<\/em>)<\/p>\n\n\n\n<p>Le R\u00e8glement (UE, Euratom) n \u00b0 1141\/2014 du Parlement europ\u00e9en et du Conseil du 22 octobre 2014 relatif au statut et au financement des partis politiques europ\u00e9ens et des fondations politiques europ\u00e9ennes<a href=\"#_ftn1\" id=\"_ftnref1\">[1]<\/a> (le \u00ab&nbsp;<strong>R\u00e8glement&nbsp;<\/strong>\u00bb) \u00e9tablit le cadre juridique applicable aux partis politiques europ\u00e9ens et \u00e0 leurs fondations. &nbsp;<\/p>\n\n\n\n<p>Ce dernier a cr\u00e9\u00e9 pour eux un statut juridique propre au niveau de l\u2019Union et fixe les conditions d\u2019enregistrement, de fonctionnement et de financement.<\/p>\n\n\n\n<p>En pratique, les principales r\u00e8gles \u00e0 retenir sont :<\/p>\n\n\n\n<ul class=\"wp-block-list\">\n<li>un parti politique europ\u00e9en doit \u00eatre pr\u00e9sent dans plusieurs \u00c9tats membres et respecter les valeurs fondamentales de l\u2019UE (d\u00e9mocratie, \u00c9tat de droit, droits fondamentaux) ;<\/li>\n\n\n\n<li>l\u2019Autorit\u00e9 pour les partis politiques europ\u00e9ens et les fondations politiques europ\u00e9ennes (APPF) est charg\u00e9e de les enregistrer, de contr\u00f4ler leur conformit\u00e9 et, le cas \u00e9ch\u00e9ant, de les sanctionner ;<\/li>\n\n\n\n<li>les partis enregistr\u00e9s peuvent b\u00e9n\u00e9ficier d\u2019un financement public europ\u00e9en, sous r\u00e9serve de r\u00e8gles strictes de transparence financi\u00e8re et d\u2019interdiction de certains dons (anonymes, \u00c9tats tiers, etc.) ;<\/li>\n\n\n\n<li>en cas de violation, l\u2019Autorit\u00e9 peut prononcer des amendes, retirer les financements ou radier le parti.<\/li>\n<\/ul>\n\n\n\n<p>La Commission europ\u00e9enne, dans le cadre de son plan d\u2019action pour la d\u00e9mocratie europ\u00e9enne (2020), a lanc\u00e9 en 2021 une r\u00e9vision du R\u00e8glement sur les partis politiques europ\u00e9ens et leurs fondations.<\/p>\n\n\n\n<p><strong>Objectifs principaux de la r\u00e9forme<\/strong><\/p>\n\n\n\n<ul class=\"wp-block-list\">\n<li>Faciliter les relations entre partis europ\u00e9ens et partis nationaux.<\/li>\n\n\n\n<li>Accro\u00eetre la transparence (publicit\u00e9 politique, dons).<\/li>\n\n\n\n<li>R\u00e9duire la charge administrative.<\/li>\n\n\n\n<li>Am\u00e9liorer la viabilit\u00e9 financi\u00e8re des europartis\/fondations.<\/li>\n\n\n\n<li>Abaisser le cofinancement (10 % \u2192 5 %).<\/li>\n\n\n\n<li>Permettre de recevoir des contributions de membres situ\u00e9s hors UE.<\/li>\n\n\n\n<li>Autoriser l\u2019utilisation de fonds de l\u2019UE dans des campagnes r\u00e9f\u00e9rendaires li\u00e9es \u00e0 l\u2019UE.<\/li>\n<\/ul>\n\n\n\n<p><strong>Position du Parlement europ\u00e9en (2022)<\/strong><\/p>\n\n\n\n<ul class=\"wp-block-list\">\n<li>Favorable \u00e0 plus de transparence et de stabilit\u00e9 financi\u00e8re.<\/li>\n\n\n\n<li>Souhaite rationaliser les communications entre partis europ\u00e9ens et nationaux.<\/li>\n\n\n\n<li>D\u00e9fend l\u2019\u00e9galit\u00e9 hommes-femmes (\u00e9quilibre dans les organes dirigeants, lutte contre le harc\u00e8lement).<\/li>\n\n\n\n<li>Veut garantir que les non-membres de l\u2019UE respectent les valeurs de l\u2019UE.<\/li>\n<\/ul>\n\n\n\n<p><strong>Position du Conseil (2022)<\/strong><\/p>\n\n\n\n<ul class=\"wp-block-list\">\n<li>Plus restrictif : contributions limit\u00e9es aux seuls membres de l\u2019UE.<\/li>\n\n\n\n<li>Maintien du cofinancement (10 % pour les partis, 5 % pour les fondations).<\/li>\n\n\n\n<li>Obligation annuelle de d\u00e9clarer l\u2019adh\u00e9sion aux valeurs de l\u2019UE.<\/li>\n\n\n\n<li>Plafond de 2 % pour les ressources autog\u00e9n\u00e9r\u00e9es.<\/li>\n\n\n\n<li>Exclusion des campagnes r\u00e9f\u00e9rendaires.<\/li>\n\n\n\n<li>Promotion de l\u2019\u00e9galit\u00e9 des sexes sur les listes \u00e9lectorales et dans les partis.<\/li>\n<\/ul>\n\n\n\n<p><strong>N\u00e9gociations<\/strong><\/p>\n\n\n\n<p>Le 17 juin 2025<a href=\"#_ftn2\" id=\"_ftnref2\">[2]<\/a>, les n\u00e9gociateurs du Conseil et du Parlement sont parvenus \u00e0 un accord provisoire sur les modifications du statut et du financement des partis politiques europ\u00e9ens et des fondations politiques europ\u00e9ennes.<\/p>\n\n\n\n<p>Les n\u00e9gociateurs ont d\u00e9clar\u00e9 que les nouvelles r\u00e8gles de l\u2019UE pour les partis politiques et les fondations am\u00e9lioreront la transparence, r\u00e9duiront les formalit\u00e9s administratives et les \u00e9quiperont pour lutter plus efficacement contre l\u2019ing\u00e9rence \u00e9trang\u00e8re.<\/p>\n\n\n\n<p>Ces r\u00e8gles devraient renforcer les valeurs europ\u00e9ennes en imposant l\u2019alignement sur les principes de l\u2019UE, l\u2019\u00e9quilibre entre les sexes, les politiques de lutte contre le harc\u00e8lement et la production de rapports annuels sur les \u00e9carts de repr\u00e9sentation.<\/p>\n\n\n\n<p>Le 16 juillet 2025, la Commission des affaires constitutionnelles du Parlement europ\u00e9en a approuv\u00e9 l\u2019accord provisoire conclu lors des n\u00e9gociations interinstitutionnelles.<\/p>\n\n\n\n<p>L\u2019accord de mise \u00e0 disposition sera soumis au vote en s\u00e9ance pl\u00e9ni\u00e8re du Parlement dans les mois \u00e0 venir. Si le Parlement l\u2019approuve, le Conseil devra \u00e9galement donner son approbation avant que le r\u00e8glement modifi\u00e9 puisse entrer en vigueur.<\/p>\n\n\n\n<p>La plupart des dispositions devraient entrer en vigueur \u00e0 partir du 1er janvier 2026.<\/p>\n\n\n\n<p>Nous vous tiendrons bien entendu au courant de la suite des \u00e9v\u00e8nements.<\/p>\n\n\n\n<p><strong>Evelyne Li\u00e9geois<\/strong><\/p>\n\n\n\n<p><a href=\"&#109;&#x61;i&#108;&#x74;o&#58;&#x65;v&#x65;&#x6c;&#121;&#x6e;e&#46;&#x6c;i&#101;&#x67;e&#x6f;&#x69;&#115;&#x40;&#x6d;&#111;&#x6f;v&#46;&#x6c;a&#119;\">&#x65;&#118;e&#x6c;&#x79;&#110;e&#x2e;&#108;i&#x65;&#x67;&#101;o&#x69;&#115;&#64;&#x6d;&#x6f;&#111;v&#x2e;&#x6c;&#97;&#x77;<\/a><\/p>\n\n\n\n<p>Avocate<\/p>\n\n\n\n<p class=\"has-text-align-center\">*<\/p>\n\n\n\n<h2 class=\"wp-block-heading\"><strong><strong><u>Reform of the Legal Framework for European Political Parties: Challenges and Prospects<\/u><\/strong><\/strong><\/h2>\n\n\n\n<p>Regulation (EU, Euratom) No. 1141\/2014 of the European Parliament and of the Council of 22 October 2014 on the statute and funding of European political parties and European political foundations (the \u201c<strong>Regulation<\/strong>\u201d)<a href=\"#_ftn1\" id=\"_ftnref1\">[1]<\/a> establishes the legal framework governing European political parties and their foundations.<\/p>\n\n\n\n<p>It grants them a distinct legal status at the EU level and sets out the conditions for registration, operation, and funding.<\/p>\n\n\n\n<p>In practice, the main rules to keep in mind are as follows:<\/p>\n\n\n\n<ul class=\"wp-block-list\">\n<li>A European political party must be active in several Member States and respect the fundamental values of the EU (democracy, the rule of law, fundamental rights).<\/li>\n\n\n\n<li>The Authority for European Political Parties and European Political Foundations (APPF) is responsible for their registration, monitoring compliance, and, where necessary, imposing sanctions .<\/li>\n\n\n\n<li>Registered parties may receive EU public funding, subject to strict rules on financial transparency and prohibitions on certain types of donations (anonymous donors, third-country entities, etc.).<\/li>\n\n\n\n<li>In the event of a breach, the Authority may impose fines, withdraw funding, or remove a party from the register.<\/li>\n<\/ul>\n\n\n\n<p>As part of its European Democracy Action Plan (2020), the European Commission launched in 2021 a review of the Regulation on European political parties and their foundations.<\/p>\n\n\n\n<p><strong>Main Objectives of the Reform<\/strong><\/p>\n\n\n\n<ul class=\"wp-block-list\">\n<li>Facilitate cooperation between European and national political parties.<\/li>\n\n\n\n<li>Increase transparency (political advertising, donations).<\/li>\n\n\n\n<li>Reduce administrative burdens.<\/li>\n\n\n\n<li>Improve the financial sustainability of European parties and foundations.<\/li>\n\n\n\n<li>Lower the co-financing requirement (from 10% to 5%).<\/li>\n\n\n\n<li>Allow contributions from members based outside the EU.<\/li>\n\n\n\n<li>Authorise the use of EU funds for EU-related referendum campaigns.<\/li>\n<\/ul>\n\n\n\n<p><strong>Position of the European Parliament (2022)<\/strong><\/p>\n\n\n\n<ul class=\"wp-block-list\">\n<li>Supports greater transparency and financial stability.<\/li>\n\n\n\n<li>Aims to streamline communication between European and national parties.<\/li>\n\n\n\n<li>Promotes gender equality (balanced leadership bodies, anti-harassment measures).<\/li>\n\n\n\n<li>Seeks to ensure that non-EU members uphold EU values.<\/li>\n<\/ul>\n\n\n\n<p><strong>Position of the Council (2022)<\/strong><\/p>\n\n\n\n<ul class=\"wp-block-list\">\n<li>More restrictive: contributions limited to EU-based members only.<\/li>\n\n\n\n<li>Maintains the co-financing rates (10% for parties, 5% for foundations).<\/li>\n\n\n\n<li>Introduces an annual obligation to declare adherence to EU values.<\/li>\n\n\n\n<li>Sets a 2% ceiling on self-generated income.<\/li>\n\n\n\n<li>Excludes referendum campaign financing.<\/li>\n\n\n\n<li>Promotes gender equality on electoral lists and within parties.<\/li>\n<\/ul>\n\n\n\n<p><strong>Negotiations<\/strong><\/p>\n\n\n\n<p>On 17 June 2025<a href=\"#_ftn2\" id=\"_ftnref2\">[2]<\/a>, negotiators from the Council and the Parliament reached a provisional agreement on the amendments to the statute and funding of European political parties and foundations.<\/p>\n\n\n\n<p>According to the negotiators, the new EU rules will enhance transparency, reduce administrative burdens, and better equip European parties to combat foreign interference.<\/p>\n\n\n\n<p>These rules aim to strengthen European values by enforcing alignment with EU principles, gender balance, anti-harassment policies, and annual reporting on representation gaps.<\/p>\n\n\n\n<p>On 16 July 2025, the European Parliament\u2019s Committee on Constitutional Affairs approved the provisional agreement reached during the interinstitutional negotiations.<\/p>\n\n\n\n<p>The final agreement will be submitted to the Parliament\u2019s plenary for a vote in the coming months. If approved, the Council will also need to give its formal consent before the revised Regulation can enter into force.<\/p>\n\n\n\n<p>Most provisions are expected to apply from <strong>1 January 2026<\/strong>.<\/p>\n\n\n\n<p>We will, of course, keep you informed of further developments.<\/p>\n\n\n\n<p><strong>Evelyne Li\u00e9geois<\/strong><\/p>\n\n\n\n<p><a href=\"&#x6d;&#x61;&#105;&#108;t&#x6f;&#x3a;&#x65;&#118;&#101;l&#x79;&#x6e;&#x65;&#46;&#108;i&#x65;&#x67;&#x65;&#111;&#105;s&#x40;&#x6d;&#x6f;&#111;v&#46;&#x6c;&#x61;&#x77;\">&#x65;&#118;e&#x6c;&#x79;&#110;e&#x2e;&#x6c;&#105;e&#x67;&#x65;&#111;i&#x73;&#x40;&#109;o&#x6f;&#118;&#46;l&#x61;&#119;<\/a><\/p>\n\n\n\n<p>Lawyer<\/p>\n\n\n\n<hr class=\"wp-block-separator has-alpha-channel-opacity\"\/>\n\n\n\n<p><a href=\"#_ftnref1\" id=\"_ftn1\">[1]<\/a> <a href=\"https:\/\/eur-lex.europa.eu\/legal-content\/EN\/TXT\/?uri=CELEX%3A02014R1141-20190327\">https:\/\/eur-lex.europa.eu\/legal-content\/EN\/TXT\/?uri=CELEX%3A02014R1141-20190327<\/a><\/p>\n\n\n\n<p><a href=\"#_ftnref2\" id=\"_ftn2\">[2]<\/a> <a href=\"https:\/\/data.consilium.europa.eu\/doc\/document\/ST-11684-2025-INIT\/en\/pdf\">https:\/\/data.consilium.europa.eu\/doc\/document\/ST-11684-2025-INIT\/en\/pdf<\/a><\/p>\n\n\n\n<hr class=\"wp-block-separator has-alpha-channel-opacity\"\/>\n\n\n\n<p><a href=\"#_ftnref1\" id=\"_ftn1\">[1]<\/a> <a href=\"https:\/\/eur-lex.europa.eu\/eli\/reg\/2014\/1141\/oj\/fra\">R\u00e8glement &#8211; 1141\/2014 &#8211; EN &#8211; EUR-Lex<\/a><\/p>\n\n\n\n<p><a href=\"#_ftnref2\" id=\"_ftn2\">[2]<\/a> <a href=\"https:\/\/eur-lex.europa.eu\/legal-content\/EN\/TXT\/PDF\/?uri=CONSIL:ST_11684_2025_INIT\">https:\/\/eur-lex.europa.eu\/legal-content\/EN\/TXT\/PDF\/?uri=CONSIL:ST_11684_2025_INIT<\/a><\/p>\n","protected":false},"excerpt":{"rendered":"<p>(english version below) Le R\u00e8glement (UE, Euratom) n \u00b0 1141\/2014 du Parlement europ\u00e9en et du Conseil du 22 octobre 2014 relatif au statut et au&#8230;<\/p>\n","protected":false},"author":2,"featured_media":3790,"comment_status":"closed","ping_status":"closed","sticky":false,"template":"","format":"standard","meta":{"footnotes":""},"categories":[39],"tags":[256,163,933,101,934,195,935,936,212],"class_list":["post-3796","post","type-post","status-publish","format-standard","has-post-thumbnail","hentry","category-corporate-law","tag-avocat-en","tag-bruxelles-en","tag-comission-en","tag-entreprise-en","tag-europa-en","tag-europe-en","tag-lexeuropa-en","tag-partipolitique-en","tag-reglement-en"],"acf":[],"yoast_head":"<!-- This site is optimized with the Yoast SEO plugin v27.5 - https:\/\/yoast.com\/product\/yoast-seo-wordpress\/ -->\n<title>La r\u00e9forme du cadre juridique des partis politiques europ\u00e9ens : enjeux et perspectives - moov<\/title>\n<meta name=\"description\" content=\"Nich\u00e9 au c\u0153ur du centre historique de Bruxelles, au sein des c\u00e9l\u00e8bres Galeries Saint-Hubert, moov.law est un cabinet de proximit\u00e9, \u00e0 taille humaine, dont les valeurs sont l\u2019excellence, le pragmatisme, la transparence, le sens du service et le bien-\u00eatre de ses membres.\" \/>\n<meta name=\"robots\" content=\"index, follow, max-snippet:-1, max-image-preview:large, max-video-preview:-1\" \/>\n<link rel=\"canonical\" href=\"https:\/\/moov.law\/en\/la-reforme-du-cadre-juridique-des-partis-politiques-europeens-enjeux-et-perspectives\/\" \/>\n<meta property=\"og:locale\" content=\"en_US\" \/>\n<meta property=\"og:type\" content=\"article\" \/>\n<meta property=\"og:title\" content=\"La r\u00e9forme du cadre juridique des partis politiques europ\u00e9ens : enjeux et perspectives - moov\" \/>\n<meta property=\"og:description\" content=\"Nich\u00e9 au c\u0153ur du centre historique de Bruxelles, au sein des c\u00e9l\u00e8bres Galeries Saint-Hubert, moov.law est un cabinet de proximit\u00e9, \u00e0 taille humaine, dont les valeurs sont l\u2019excellence, le pragmatisme, la transparence, le sens du service et le bien-\u00eatre de ses membres.\" \/>\n<meta property=\"og:url\" content=\"https:\/\/moov.law\/en\/la-reforme-du-cadre-juridique-des-partis-politiques-europeens-enjeux-et-perspectives\/\" \/>\n<meta property=\"og:site_name\" content=\"moov\" \/>\n<meta property=\"article:published_time\" content=\"2025-10-14T08:25:59+00:00\" \/>\n<meta property=\"article:modified_time\" content=\"2026-01-15T12:26:33+00:00\" \/>\n<meta name=\"author\" content=\"contact@moov.law\" \/>\n<meta name=\"twitter:card\" content=\"summary_large_image\" \/>\n<meta name=\"twitter:label1\" content=\"Written by\" \/>\n\t<meta name=\"twitter:data1\" content=\"contact@moov.law\" \/>\n\t<meta name=\"twitter:label2\" content=\"Est. reading time\" \/>\n\t<meta name=\"twitter:data2\" content=\"6 minutes\" \/>\n<script type=\"application\/ld+json\" class=\"yoast-schema-graph\">{\"@context\":\"https:\\\/\\\/schema.org\",\"@graph\":[{\"@type\":\"Article\",\"@id\":\"https:\\\/\\\/moov.law\\\/en\\\/la-reforme-du-cadre-juridique-des-partis-politiques-europeens-enjeux-et-perspectives\\\/#article\",\"isPartOf\":{\"@id\":\"https:\\\/\\\/moov.law\\\/en\\\/la-reforme-du-cadre-juridique-des-partis-politiques-europeens-enjeux-et-perspectives\\\/\"},\"author\":{\"name\":\"contact@moov.law\",\"@id\":\"https:\\\/\\\/moov.law\\\/#\\\/schema\\\/person\\\/b2ec0c78359ee74c54a90e0de6cb97a7\"},\"headline\":\"La r\u00e9forme du cadre juridique des partis politiques europ\u00e9ens : enjeux et perspectives\",\"datePublished\":\"2025-10-14T08:25:59+00:00\",\"dateModified\":\"2026-01-15T12:26:33+00:00\",\"mainEntityOfPage\":{\"@id\":\"https:\\\/\\\/moov.law\\\/en\\\/la-reforme-du-cadre-juridique-des-partis-politiques-europeens-enjeux-et-perspectives\\\/\"},\"wordCount\":1206,\"publisher\":{\"@id\":\"https:\\\/\\\/moov.law\\\/#organization\"},\"image\":{\"@id\":\"https:\\\/\\\/moov.law\\\/en\\\/la-reforme-du-cadre-juridique-des-partis-politiques-europeens-enjeux-et-perspectives\\\/#primaryimage\"},\"thumbnailUrl\":\"https:\\\/\\\/moov.law\\\/wp-content\\\/uploads\\\/2025\\\/10\\\/photo-1608817576203-3c27ed168bd2.avif\",\"keywords\":[\"avocat\",\"bruxelles\",\"comission\",\"entreprise\",\"europa\",\"europe\",\"lexeuropa\",\"partipolitique\",\"r\u00e8glement\"],\"articleSection\":[\"Corporate law\"],\"inLanguage\":\"en-US\"},{\"@type\":\"WebPage\",\"@id\":\"https:\\\/\\\/moov.law\\\/en\\\/la-reforme-du-cadre-juridique-des-partis-politiques-europeens-enjeux-et-perspectives\\\/\",\"url\":\"https:\\\/\\\/moov.law\\\/en\\\/la-reforme-du-cadre-juridique-des-partis-politiques-europeens-enjeux-et-perspectives\\\/\",\"name\":\"La r\u00e9forme du cadre juridique des partis politiques europ\u00e9ens : enjeux et perspectives - moov\",\"isPartOf\":{\"@id\":\"https:\\\/\\\/moov.law\\\/#website\"},\"primaryImageOfPage\":{\"@id\":\"https:\\\/\\\/moov.law\\\/en\\\/la-reforme-du-cadre-juridique-des-partis-politiques-europeens-enjeux-et-perspectives\\\/#primaryimage\"},\"image\":{\"@id\":\"https:\\\/\\\/moov.law\\\/en\\\/la-reforme-du-cadre-juridique-des-partis-politiques-europeens-enjeux-et-perspectives\\\/#primaryimage\"},\"thumbnailUrl\":\"https:\\\/\\\/moov.law\\\/wp-content\\\/uploads\\\/2025\\\/10\\\/photo-1608817576203-3c27ed168bd2.avif\",\"datePublished\":\"2025-10-14T08:25:59+00:00\",\"dateModified\":\"2026-01-15T12:26:33+00:00\",\"description\":\"Nich\u00e9 au c\u0153ur du centre historique de Bruxelles, au sein des c\u00e9l\u00e8bres Galeries Saint-Hubert, moov.law est un cabinet de proximit\u00e9, \u00e0 taille humaine, dont les valeurs sont l\u2019excellence, le pragmatisme, la transparence, le sens du service et le bien-\u00eatre de ses membres.\",\"breadcrumb\":{\"@id\":\"https:\\\/\\\/moov.law\\\/en\\\/la-reforme-du-cadre-juridique-des-partis-politiques-europeens-enjeux-et-perspectives\\\/#breadcrumb\"},\"inLanguage\":\"en-US\",\"potentialAction\":[{\"@type\":\"ReadAction\",\"target\":[\"https:\\\/\\\/moov.law\\\/en\\\/la-reforme-du-cadre-juridique-des-partis-politiques-europeens-enjeux-et-perspectives\\\/\"]}]},{\"@type\":\"ImageObject\",\"inLanguage\":\"en-US\",\"@id\":\"https:\\\/\\\/moov.law\\\/en\\\/la-reforme-du-cadre-juridique-des-partis-politiques-europeens-enjeux-et-perspectives\\\/#primaryimage\",\"url\":\"https:\\\/\\\/moov.law\\\/wp-content\\\/uploads\\\/2025\\\/10\\\/photo-1608817576203-3c27ed168bd2.avif\",\"contentUrl\":\"https:\\\/\\\/moov.law\\\/wp-content\\\/uploads\\\/2025\\\/10\\\/photo-1608817576203-3c27ed168bd2.avif\",\"width\":1292,\"height\":756},{\"@type\":\"BreadcrumbList\",\"@id\":\"https:\\\/\\\/moov.law\\\/en\\\/la-reforme-du-cadre-juridique-des-partis-politiques-europeens-enjeux-et-perspectives\\\/#breadcrumb\",\"itemListElement\":[{\"@type\":\"ListItem\",\"position\":1,\"name\":\"Accueil\",\"item\":\"https:\\\/\\\/moov.law\\\/en\\\/\"},{\"@type\":\"ListItem\",\"position\":2,\"name\":\"La r\u00e9forme du cadre juridique des partis politiques europ\u00e9ens : enjeux et perspectives\"}]},{\"@type\":\"WebSite\",\"@id\":\"https:\\\/\\\/moov.law\\\/#website\",\"url\":\"https:\\\/\\\/moov.law\\\/\",\"name\":\"moov\",\"description\":\"Cabinet d&#039;avocats nich\u00e9 au c\u0153ur de Bruxelles.\",\"publisher\":{\"@id\":\"https:\\\/\\\/moov.law\\\/#organization\"},\"potentialAction\":[{\"@type\":\"SearchAction\",\"target\":{\"@type\":\"EntryPoint\",\"urlTemplate\":\"https:\\\/\\\/moov.law\\\/?s={search_term_string}\"},\"query-input\":{\"@type\":\"PropertyValueSpecification\",\"valueRequired\":true,\"valueName\":\"search_term_string\"}}],\"inLanguage\":\"en-US\"},{\"@type\":\"Organization\",\"@id\":\"https:\\\/\\\/moov.law\\\/#organization\",\"name\":\"moov.law\",\"url\":\"https:\\\/\\\/moov.law\\\/\",\"logo\":{\"@type\":\"ImageObject\",\"inLanguage\":\"en-US\",\"@id\":\"https:\\\/\\\/moov.law\\\/#\\\/schema\\\/logo\\\/image\\\/\",\"url\":\"https:\\\/\\\/moov.law\\\/wp-content\\\/uploads\\\/2021\\\/11\\\/moov-logo.png\",\"contentUrl\":\"https:\\\/\\\/moov.law\\\/wp-content\\\/uploads\\\/2021\\\/11\\\/moov-logo.png\",\"width\":1200,\"height\":800,\"caption\":\"moov.law\"},\"image\":{\"@id\":\"https:\\\/\\\/moov.law\\\/#\\\/schema\\\/logo\\\/image\\\/\"},\"sameAs\":[\"https:\\\/\\\/www.linkedin.com\\\/company\\\/moov-law\"]},{\"@type\":\"Person\",\"@id\":\"https:\\\/\\\/moov.law\\\/#\\\/schema\\\/person\\\/b2ec0c78359ee74c54a90e0de6cb97a7\",\"name\":\"contact@moov.law\",\"url\":\"https:\\\/\\\/moov.law\\\/en\\\/author\\\/contactmoov-law\\\/\"}]}<\/script>\n<!-- \/ Yoast SEO plugin. -->","yoast_head_json":{"title":"La r\u00e9forme du cadre juridique des partis politiques europ\u00e9ens : enjeux et perspectives - moov","description":"Nich\u00e9 au c\u0153ur du centre historique de Bruxelles, au sein des c\u00e9l\u00e8bres Galeries Saint-Hubert, moov.law est un cabinet de proximit\u00e9, \u00e0 taille humaine, dont les valeurs sont l\u2019excellence, le pragmatisme, la transparence, le sens du service et le bien-\u00eatre de ses membres.","robots":{"index":"index","follow":"follow","max-snippet":"max-snippet:-1","max-image-preview":"max-image-preview:large","max-video-preview":"max-video-preview:-1"},"canonical":"https:\/\/moov.law\/en\/la-reforme-du-cadre-juridique-des-partis-politiques-europeens-enjeux-et-perspectives\/","og_locale":"en_US","og_type":"article","og_title":"La r\u00e9forme du cadre juridique des partis politiques europ\u00e9ens : enjeux et perspectives - moov","og_description":"Nich\u00e9 au c\u0153ur du centre historique de Bruxelles, au sein des c\u00e9l\u00e8bres Galeries Saint-Hubert, moov.law est un cabinet de proximit\u00e9, \u00e0 taille humaine, dont les valeurs sont l\u2019excellence, le pragmatisme, la transparence, le sens du service et le bien-\u00eatre de ses membres.","og_url":"https:\/\/moov.law\/en\/la-reforme-du-cadre-juridique-des-partis-politiques-europeens-enjeux-et-perspectives\/","og_site_name":"moov","article_published_time":"2025-10-14T08:25:59+00:00","article_modified_time":"2026-01-15T12:26:33+00:00","author":"contact@moov.law","twitter_card":"summary_large_image","twitter_misc":{"Written by":"contact@moov.law","Est. reading time":"6 minutes"},"schema":{"@context":"https:\/\/schema.org","@graph":[{"@type":"Article","@id":"https:\/\/moov.law\/en\/la-reforme-du-cadre-juridique-des-partis-politiques-europeens-enjeux-et-perspectives\/#article","isPartOf":{"@id":"https:\/\/moov.law\/en\/la-reforme-du-cadre-juridique-des-partis-politiques-europeens-enjeux-et-perspectives\/"},"author":{"name":"contact@moov.law","@id":"https:\/\/moov.law\/#\/schema\/person\/b2ec0c78359ee74c54a90e0de6cb97a7"},"headline":"La r\u00e9forme du cadre juridique des partis politiques europ\u00e9ens : enjeux et perspectives","datePublished":"2025-10-14T08:25:59+00:00","dateModified":"2026-01-15T12:26:33+00:00","mainEntityOfPage":{"@id":"https:\/\/moov.law\/en\/la-reforme-du-cadre-juridique-des-partis-politiques-europeens-enjeux-et-perspectives\/"},"wordCount":1206,"publisher":{"@id":"https:\/\/moov.law\/#organization"},"image":{"@id":"https:\/\/moov.law\/en\/la-reforme-du-cadre-juridique-des-partis-politiques-europeens-enjeux-et-perspectives\/#primaryimage"},"thumbnailUrl":"https:\/\/moov.law\/wp-content\/uploads\/2025\/10\/photo-1608817576203-3c27ed168bd2.avif","keywords":["avocat","bruxelles","comission","entreprise","europa","europe","lexeuropa","partipolitique","r\u00e8glement"],"articleSection":["Corporate law"],"inLanguage":"en-US"},{"@type":"WebPage","@id":"https:\/\/moov.law\/en\/la-reforme-du-cadre-juridique-des-partis-politiques-europeens-enjeux-et-perspectives\/","url":"https:\/\/moov.law\/en\/la-reforme-du-cadre-juridique-des-partis-politiques-europeens-enjeux-et-perspectives\/","name":"La r\u00e9forme du cadre juridique des partis politiques europ\u00e9ens : enjeux et perspectives - moov","isPartOf":{"@id":"https:\/\/moov.law\/#website"},"primaryImageOfPage":{"@id":"https:\/\/moov.law\/en\/la-reforme-du-cadre-juridique-des-partis-politiques-europeens-enjeux-et-perspectives\/#primaryimage"},"image":{"@id":"https:\/\/moov.law\/en\/la-reforme-du-cadre-juridique-des-partis-politiques-europeens-enjeux-et-perspectives\/#primaryimage"},"thumbnailUrl":"https:\/\/moov.law\/wp-content\/uploads\/2025\/10\/photo-1608817576203-3c27ed168bd2.avif","datePublished":"2025-10-14T08:25:59+00:00","dateModified":"2026-01-15T12:26:33+00:00","description":"Nich\u00e9 au c\u0153ur du centre historique de Bruxelles, au sein des c\u00e9l\u00e8bres Galeries Saint-Hubert, moov.law est un cabinet de proximit\u00e9, \u00e0 taille humaine, dont les valeurs sont l\u2019excellence, le pragmatisme, la transparence, le sens du service et le bien-\u00eatre de ses membres.","breadcrumb":{"@id":"https:\/\/moov.law\/en\/la-reforme-du-cadre-juridique-des-partis-politiques-europeens-enjeux-et-perspectives\/#breadcrumb"},"inLanguage":"en-US","potentialAction":[{"@type":"ReadAction","target":["https:\/\/moov.law\/en\/la-reforme-du-cadre-juridique-des-partis-politiques-europeens-enjeux-et-perspectives\/"]}]},{"@type":"ImageObject","inLanguage":"en-US","@id":"https:\/\/moov.law\/en\/la-reforme-du-cadre-juridique-des-partis-politiques-europeens-enjeux-et-perspectives\/#primaryimage","url":"https:\/\/moov.law\/wp-content\/uploads\/2025\/10\/photo-1608817576203-3c27ed168bd2.avif","contentUrl":"https:\/\/moov.law\/wp-content\/uploads\/2025\/10\/photo-1608817576203-3c27ed168bd2.avif","width":1292,"height":756},{"@type":"BreadcrumbList","@id":"https:\/\/moov.law\/en\/la-reforme-du-cadre-juridique-des-partis-politiques-europeens-enjeux-et-perspectives\/#breadcrumb","itemListElement":[{"@type":"ListItem","position":1,"name":"Accueil","item":"https:\/\/moov.law\/en\/"},{"@type":"ListItem","position":2,"name":"La r\u00e9forme du cadre juridique des partis politiques europ\u00e9ens : enjeux et perspectives"}]},{"@type":"WebSite","@id":"https:\/\/moov.law\/#website","url":"https:\/\/moov.law\/","name":"moov","description":"Cabinet d&#039;avocats nich\u00e9 au c\u0153ur de Bruxelles.","publisher":{"@id":"https:\/\/moov.law\/#organization"},"potentialAction":[{"@type":"SearchAction","target":{"@type":"EntryPoint","urlTemplate":"https:\/\/moov.law\/?s={search_term_string}"},"query-input":{"@type":"PropertyValueSpecification","valueRequired":true,"valueName":"search_term_string"}}],"inLanguage":"en-US"},{"@type":"Organization","@id":"https:\/\/moov.law\/#organization","name":"moov.law","url":"https:\/\/moov.law\/","logo":{"@type":"ImageObject","inLanguage":"en-US","@id":"https:\/\/moov.law\/#\/schema\/logo\/image\/","url":"https:\/\/moov.law\/wp-content\/uploads\/2021\/11\/moov-logo.png","contentUrl":"https:\/\/moov.law\/wp-content\/uploads\/2021\/11\/moov-logo.png","width":1200,"height":800,"caption":"moov.law"},"image":{"@id":"https:\/\/moov.law\/#\/schema\/logo\/image\/"},"sameAs":["https:\/\/www.linkedin.com\/company\/moov-law"]},{"@type":"Person","@id":"https:\/\/moov.law\/#\/schema\/person\/b2ec0c78359ee74c54a90e0de6cb97a7","name":"contact@moov.law","url":"https:\/\/moov.law\/en\/author\/contactmoov-law\/"}]}},"_links":{"self":[{"href":"https:\/\/moov.law\/en\/wp-json\/wp\/v2\/posts\/3796","targetHints":{"allow":["GET"]}}],"collection":[{"href":"https:\/\/moov.law\/en\/wp-json\/wp\/v2\/posts"}],"about":[{"href":"https:\/\/moov.law\/en\/wp-json\/wp\/v2\/types\/post"}],"author":[{"embeddable":true,"href":"https:\/\/moov.law\/en\/wp-json\/wp\/v2\/users\/2"}],"replies":[{"embeddable":true,"href":"https:\/\/moov.law\/en\/wp-json\/wp\/v2\/comments?post=3796"}],"version-history":[{"count":1,"href":"https:\/\/moov.law\/en\/wp-json\/wp\/v2\/posts\/3796\/revisions"}],"predecessor-version":[{"id":3798,"href":"https:\/\/moov.law\/en\/wp-json\/wp\/v2\/posts\/3796\/revisions\/3798"}],"wp:featuredmedia":[{"embeddable":true,"href":"https:\/\/moov.law\/en\/wp-json\/wp\/v2\/media\/3790"}],"wp:attachment":[{"href":"https:\/\/moov.law\/en\/wp-json\/wp\/v2\/media?parent=3796"}],"wp:term":[{"taxonomy":"category","embeddable":true,"href":"https:\/\/moov.law\/en\/wp-json\/wp\/v2\/categories?post=3796"},{"taxonomy":"post_tag","embeddable":true,"href":"https:\/\/moov.law\/en\/wp-json\/wp\/v2\/tags?post=3796"}],"curies":[{"name":"wp","href":"https:\/\/api.w.org\/{rel}","templated":true}]}}