{"id":1807,"date":"2023-03-31T16:10:53","date_gmt":"2023-03-31T14:10:53","guid":{"rendered":"https:\/\/moov.law\/?p=1807"},"modified":"2023-07-14T10:06:50","modified_gmt":"2023-07-14T08:06:50","slug":"il-est-grandement-temps-dadapter-les-statuts-de-votre-societe-si-cela-nest-pas-encore-fait-la-periode-de-transition-prend-fin-au-31-decembre-2023","status":"publish","type":"post","link":"https:\/\/moov.law\/nl\/il-est-grandement-temps-dadapter-les-statuts-de-votre-societe-si-cela-nest-pas-encore-fait-la-periode-de-transition-prend-fin-au-31-decembre-2023\/","title":{"rendered":"Il est grandement temps\u00a0d\u2019adapter les statuts de votre soci\u00e9t\u00e9 si cela n\u2019est pas encore fait\u00a0: la p\u00e9riode de transition prend fin\u00a0au 31 d\u00e9cembre 2023\u00a0!"},"content":{"rendered":"\n<p><em><u>Souvenez-vous<\/u><\/em>&nbsp;: le <strong>1<sup>er<\/sup> mai 2019<\/strong> le code des soci\u00e9t\u00e9s a \u00e9t\u00e9 remplac\u00e9 par une toute nouvelle mouture&nbsp;: le code des soci\u00e9t\u00e9s et des associations (\u00ab&nbsp;CSA&nbsp;\u00bb).<\/p>\n\n\n\n<p>Ainsi, pour les nouvelles soci\u00e9t\u00e9s ou associations cr\u00e9\u00e9es \u00e0 partir de cette date, le CSA s\u2019appliquait d\u2019ores et d\u00e9j\u00e0 et il n\u2019\u00e9tait plus possible de constituer une soci\u00e9t\u00e9 dont la forme a \u00e9t\u00e9 abrog\u00e9e par ce CSA.<\/p>\n\n\n\n<p>Au sujet des soci\u00e9t\u00e9s et associations d\u00e9j\u00e0 existantes au 1<sup>er<\/sup> mai 2019, l\u2019entr\u00e9e en vigueur devait se faire pour le <strong>1<sup>er<\/sup> janvier 2020<\/strong> (\u00e0 noter bien entendu que les soci\u00e9t\u00e9s concern\u00e9es ici avaient d\u00e9j\u00e0 la facult\u00e9 de proc\u00e9der aux adaptations n\u00e9cessaires depuis le 1<sup>er<\/sup> mai 2019) avec pour cons\u00e9quences que&nbsp;:<\/p>\n\n\n\n<ul class=\"wp-block-list\">\n<li>les <strong>dispositions imp\u00e9ratives<\/strong> \u00e9taient directement d\u2019application&nbsp;;<\/li>\n\n\n\n<li>les <strong>dispositions suppl\u00e9tives<\/strong> ne seraient d\u2019application que si elles ne sont pas exclues par les statuts en vigueur \u00e0 cette date&nbsp;;<\/li>\n\n\n\n<li><strong>toute modification<\/strong> statutaire imposait <strong>une mise en conformit\u00e9 de l\u2019enti\u00e8ret\u00e9<\/strong> des statuts.<\/li>\n<\/ul>\n\n\n\n<p>Cependant, le gouvernement a pris le soin, lors de la r\u00e9daction du CSA, de pr\u00e9voir un <strong>r\u00e9gime transitoire<\/strong> au cours duquel les modifications devront intervenir par l\u2019application de la loi ou sur base volontaire. L\u2019adaptation des statuts de votre soci\u00e9t\u00e9 existante allait devoir donc se faire lors de la prochaine modification de ces derniers et <strong>au plus tard avant le 31 d\u00e9cembre 2023 <\/strong>! &nbsp;<\/p>\n\n\n\n<p>J\u2019y reviens ci-dessous.<\/p>\n\n\n\n<p><em><u>Objectifs du CSA<\/u><\/em>&nbsp;: <strong>Flexibilisation<\/strong>, <strong>modernisation<\/strong> et <strong>simplification<\/strong>.<\/p>\n\n\n\n<p>Ces finalit\u00e9s peuvent notamment se constater par la diminution consid\u00e9rable du nombre de formes de soci\u00e9t\u00e9s, la disparition de la notion de capital pour les soci\u00e9t\u00e9s \u00e0 responsabilit\u00e9 limit\u00e9e et les soci\u00e9t\u00e9s coop\u00e9ratives, la possibilit\u00e9 d\u2019apport en industrie et en know-how, la possibilit\u00e9 de fonder une soci\u00e9t\u00e9 \u00e0 responsabilit\u00e9 limit\u00e9 ou encore une soci\u00e9t\u00e9 anonyme avec un unique fondateur, la libert\u00e9 assez large pour d\u00e9roger au r\u00e9gime standard, une communication flexible (p.ex. convocation \u00e0 l\u2019assembl\u00e9e g\u00e9n\u00e9rale annuelle par e-mail) avec la cons\u00e9cration d\u2019une base l\u00e9gale et d\u2019une force probante officielle en ce qui concerne l\u2019e-mail, la doctrine du si\u00e8ge statutaire, la possibilit\u00e9 d\u2019instaurer le vote multiple, la limitation de la responsabilit\u00e9 des administrateurs ou encore la possibilit\u00e9 de convertir une soci\u00e9t\u00e9 de mani\u00e8re plus simple.<\/p>\n\n\n\n<p><em><u>31 d\u00e9cembre 2023 \u2013 date ultime !<\/u> <\/em><\/p>\n\n\n\n<p>Cette date correspond \u00e0 la fin de la p\u00e9riode transitoire. Il vous reste donc <strong>9 mois jour pour jour<\/strong> pour vous y atteler \u00e9tant entendu que le processus peut-\u00eatre plus ou moins long&nbsp;: Discussions avec votre avocat, votre expert-comptable, votre notaire (discussions quant aux changements qui viendront \u00e0 s\u2019appliquer d\u2019office et aux possibilit\u00e9s qui s\u2019offrent \u00e0 vous), prise de rendez-vous chez votre notaire si vous avez \u00e9t\u00e9 conseill\u00e9 par votre avocat ou votre expert-comptable, phase de r\u00e9daction par votre notaire, approbation interne du projet par les actionnaires, aller\/retour \u00e9ventuels avec votre avocat\/votre notaire afin d\u2019obtenir votre version finale et souhait\u00e9e, prise de rendez-vous chez votre notaire pour la signature, passation de l\u2019acte chez le notaire et publication au Moniteur belge<a id=\"_ftnref1\" href=\"#_ftn1\">[1]<\/a>.<\/p>\n\n\n\n<p><em><u>Cons\u00e9quences en cas de non-conformit\u00e9 de vos statuts \u00e0 partir du 1<sup>er<\/sup> janvier 2024<\/u><\/em>&nbsp;<\/p>\n\n\n\n<p><strong>1. Conversion automatique<\/strong> de vos statuts&nbsp;: Dans l\u2019\u00e9ventualit\u00e9 o\u00f9 une soci\u00e9t\u00e9 ne ferait pas&nbsp;le n\u00e9cessaire de son propre chef, la transformation se fera de plein droit le 1<sup>er<\/sup> janvier 2024 comme suit&nbsp;(que cette conversion soit avantageuse ou non&nbsp;! )&nbsp;:<\/p>\n\n\n\n<ul class=\"wp-block-list\">\n<li>la soci\u00e9t\u00e9 en commandite par actions devient une soci\u00e9t\u00e9 anonyme \u00e0 administrateur unique;<\/li>\n\n\n\n<li>la soci\u00e9t\u00e9 agricole devient une soci\u00e9t\u00e9 en nom collectif, ou, si elle compte des associ\u00e9s commanditaires, une soci\u00e9t\u00e9 en commandite;<\/li>\n\n\n\n<li>le groupement d&#8217;int\u00e9r\u00eat \u00e9conomique devient une soci\u00e9t\u00e9 en nom collectif;<\/li>\n\n\n\n<li>la soci\u00e9t\u00e9 coop\u00e9rative \u00e0 responsabilit\u00e9 illimit\u00e9e devient une soci\u00e9t\u00e9 en nom collectif;<\/li>\n\n\n\n<li>la soci\u00e9t\u00e9 coop\u00e9rative \u00e0 responsabilit\u00e9 limit\u00e9e qui ne r\u00e9pond pas \u00e0 la d\u00e9finition de soci\u00e9t\u00e9 coop\u00e9rative \u00e9nonc\u00e9e \u00e0 l&#8217;article 6:1 du CSA devient une soci\u00e9t\u00e9 \u00e0 responsabilit\u00e9 limit\u00e9e.<\/li>\n<\/ul>\n\n\n\n<p class=\"has-text-align-left\">A noter que dans un d\u00e9lai de six mois \u00e0 compter du jour o\u00f9 la personne morale a \u00e9t\u00e9 transform\u00e9e de plein droit en une autre forme l\u00e9gale, l&#8217;organe d&#8217;administration doit convoquer une assembl\u00e9e g\u00e9n\u00e9rale ayant \u00e0 l&#8217;ordre du jour l&#8217;adaptation des statuts \u00e0 la nouvelle forme l\u00e9gale.<\/p>\n\n\n\n<p><strong>2. Responsabilit\u00e9 des administrateurs<\/strong>&nbsp;: vous pouvez \u00eatre tenu personnellement et solidairement responsable des potentielles cons\u00e9quences n\u00e9fastes de cette conversion automatique&nbsp;: en effet la conversion automatique en une forme juridique peut s\u2019av\u00e9rer \u00eatre au d\u00e9savantage de la soci\u00e9t\u00e9 &#8230; Par ailleurs, cette responsabilit\u00e9 pourrait \u00e9galement \u00eatre mise en cause pour les dommages subis par les tiers en raison de cette absence de modification.<\/p>\n\n\n\n<p><em><u>Opportunit\u00e9<\/u><\/em>&nbsp;<\/p>\n\n\n\n<p>L\u2019obligation de cette adaptation de vos statuts est l\u2019opportunit\u00e9 pour vous de <strong>r\u00e9fl\u00e9chir \u00e0 une refonte compl\u00e8te de vos statuts<\/strong> dans le but d\u2019am\u00e9liorer son fonctionnement et de disposer de statuts sur mesure pour votre soci\u00e9t\u00e9. C\u2019est l\u2019occasion de vous questionner notamment quant \u00e0 la question de savoir si l\u2019objet de votre soci\u00e9t\u00e9 est toujours optimal, si vos statuts assurent toutes les distributions de b\u00e9n\u00e9fices possibles ou encore si la gouvernance (son mode de fonctionnement, sa structure et sa repr\u00e9sentation) convient toujours. Cette refonte peut \u00eatre discut\u00e9e et imagin\u00e9e par vos conseillers&nbsp;: avocats, experts-comptables, notaires.<\/p>\n\n\n\n<p>Pour r\u00e9sumer, il est plus que judicieux de ne plus attendre afin de proc\u00e9der aux formalit\u00e9s vous permettant d\u2019\u00eatre en ordre au 31 d\u00e9cembre 2023.<\/p>\n\n\n\n<p>A cette fin, n\u2019h\u00e9sites pas \u00e0 nous consulter. Nous nous ferons un plaisir de vous accompagner dans ce processus en \u00e9troite collaboration avec votre notaire.<\/p>\n\n\n\n<p class=\"has-text-align-left\"><strong>Evelyne Li\u00e9geois<\/strong><\/p>\n\n\n\n<p class=\"has-text-align-left\">Avocate<\/p>\n\n\n\n<p class=\"has-text-align-left\">&#x65;&#x76;&#x65;&#x6c;&#x79;&#x6e;&#101;&#46;&#108;&#105;egeo&#x69;&#x73;&#x40;&#x6d;&#x6f;&#x6f;&#118;&#46;&#108;&#97;&#119;<\/p>\n\n\n\n<div class=\"wp-block-group is-vertical is-layout-flex wp-container-core-group-is-layout-8cf370e7 wp-block-group-is-layout-flex\">\n<p class=\"has-text-align-right\"><\/p>\n<\/div>\n\n\n\n<hr class=\"wp-block-separator has-alpha-channel-opacity\"\/>\n\n\n\n<p><a href=\"#_ftnref1\" id=\"_ftn1\">[1]<\/a> <strong><u>A l&#8217;exception<\/u><\/strong> des soci\u00e9t\u00e9s en nom collectif, des soci\u00e9t\u00e9s en commandite simple et pour les A(I)SBL qui ont \u00e9t\u00e9 constitu\u00e9es par acte sous signature priv\u00e9e.<\/p>\n","protected":false},"excerpt":{"rendered":"<p>Souvenez-vous&nbsp;: le 1er mai 2019 le code des soci\u00e9t\u00e9s a \u00e9t\u00e9 remplac\u00e9 par une toute nouvelle mouture&nbsp;: le code des soci\u00e9t\u00e9s et des associations (\u00ab&nbsp;CSA&nbsp;\u00bb)&#8230;.<\/p>\n","protected":false},"author":2,"featured_media":1802,"comment_status":"closed","ping_status":"open","sticky":false,"template":"","format":"standard","meta":{"footnotes":""},"categories":[38],"tags":[250,251,252,97,253,254,255],"class_list":["post-1807","post","type-post","status-publish","format-standard","has-post-thumbnail","hentry","category-vennootschapsrecht","tag-avocat-nl","tag-codedessocietes-nl","tag-csa-nl","tag-entreprise-nl","tag-formalites-nl","tag-societe-nl","tag-statuts-nl"],"acf":[],"yoast_head":"<!-- This site is optimized with the Yoast SEO plugin v27.5 - https:\/\/yoast.com\/product\/yoast-seo-wordpress\/ -->\n<title>Il est grandement temps\u00a0d\u2019adapter les statuts de votre soci\u00e9t\u00e9 si cela n\u2019est pas encore fait\u00a0: la p\u00e9riode de transition prend fin\u00a0au 31 d\u00e9cembre 2023\u00a0! - moov<\/title>\n<meta name=\"description\" content=\"Nich\u00e9 au c\u0153ur du centre historique de Bruxelles, au sein des c\u00e9l\u00e8bres Galeries Saint-Hubert, moov.law est un cabinet de proximit\u00e9, \u00e0 taille humaine, dont les valeurs sont l\u2019excellence, le pragmatisme, la transparence, le sens du service et le bien-\u00eatre de ses membres.\" \/>\n<meta name=\"robots\" content=\"index, follow, max-snippet:-1, max-image-preview:large, max-video-preview:-1\" \/>\n<link rel=\"canonical\" href=\"https:\/\/moov.law\/nl\/il-est-grandement-temps-dadapter-les-statuts-de-votre-societe-si-cela-nest-pas-encore-fait-la-periode-de-transition-prend-fin-au-31-decembre-2023\/\" \/>\n<meta property=\"og:locale\" content=\"nl_NL\" \/>\n<meta property=\"og:type\" content=\"article\" \/>\n<meta property=\"og:title\" content=\"Il est grandement temps\u00a0d\u2019adapter les statuts de votre soci\u00e9t\u00e9 si cela n\u2019est pas encore fait\u00a0: la p\u00e9riode de transition prend fin\u00a0au 31 d\u00e9cembre 2023\u00a0! - moov\" \/>\n<meta property=\"og:description\" content=\"Nich\u00e9 au c\u0153ur du centre historique de Bruxelles, au sein des c\u00e9l\u00e8bres Galeries Saint-Hubert, moov.law est un cabinet de proximit\u00e9, \u00e0 taille humaine, dont les valeurs sont l\u2019excellence, le pragmatisme, la transparence, le sens du service et le bien-\u00eatre de ses membres.\" \/>\n<meta property=\"og:url\" content=\"https:\/\/moov.law\/nl\/il-est-grandement-temps-dadapter-les-statuts-de-votre-societe-si-cela-nest-pas-encore-fait-la-periode-de-transition-prend-fin-au-31-decembre-2023\/\" \/>\n<meta property=\"og:site_name\" content=\"moov\" \/>\n<meta property=\"article:published_time\" content=\"2023-03-31T14:10:53+00:00\" \/>\n<meta property=\"article:modified_time\" content=\"2023-07-14T08:06:50+00:00\" \/>\n<meta property=\"og:image\" content=\"https:\/\/moov.law\/wp-content\/uploads\/2023\/03\/pexels-karolina-grabowska-5899079-scaled.jpg\" \/>\n\t<meta property=\"og:image:width\" content=\"2560\" \/>\n\t<meta property=\"og:image:height\" content=\"1707\" \/>\n\t<meta property=\"og:image:type\" content=\"image\/jpeg\" \/>\n<meta name=\"author\" content=\"contact@moov.law\" \/>\n<meta name=\"twitter:card\" content=\"summary_large_image\" \/>\n<meta name=\"twitter:label1\" content=\"Geschreven door\" \/>\n\t<meta name=\"twitter:data1\" content=\"contact@moov.law\" \/>\n\t<meta name=\"twitter:label2\" content=\"Geschatte leestijd\" \/>\n\t<meta name=\"twitter:data2\" content=\"5 minuten\" \/>\n<script type=\"application\/ld+json\" class=\"yoast-schema-graph\">{\"@context\":\"https:\\\/\\\/schema.org\",\"@graph\":[{\"@type\":\"Article\",\"@id\":\"https:\\\/\\\/moov.law\\\/nl\\\/il-est-grandement-temps-dadapter-les-statuts-de-votre-societe-si-cela-nest-pas-encore-fait-la-periode-de-transition-prend-fin-au-31-decembre-2023\\\/#article\",\"isPartOf\":{\"@id\":\"https:\\\/\\\/moov.law\\\/nl\\\/il-est-grandement-temps-dadapter-les-statuts-de-votre-societe-si-cela-nest-pas-encore-fait-la-periode-de-transition-prend-fin-au-31-decembre-2023\\\/\"},\"author\":{\"name\":\"contact@moov.law\",\"@id\":\"https:\\\/\\\/moov.law\\\/#\\\/schema\\\/person\\\/b2ec0c78359ee74c54a90e0de6cb97a7\"},\"headline\":\"Il est grandement temps\u00a0d\u2019adapter les statuts de votre soci\u00e9t\u00e9 si cela n\u2019est pas encore fait\u00a0: la p\u00e9riode de transition prend fin\u00a0au 31 d\u00e9cembre 2023\u00a0!\",\"datePublished\":\"2023-03-31T14:10:53+00:00\",\"dateModified\":\"2023-07-14T08:06:50+00:00\",\"mainEntityOfPage\":{\"@id\":\"https:\\\/\\\/moov.law\\\/nl\\\/il-est-grandement-temps-dadapter-les-statuts-de-votre-societe-si-cela-nest-pas-encore-fait-la-periode-de-transition-prend-fin-au-31-decembre-2023\\\/\"},\"wordCount\":1063,\"publisher\":{\"@id\":\"https:\\\/\\\/moov.law\\\/#organization\"},\"image\":{\"@id\":\"https:\\\/\\\/moov.law\\\/nl\\\/il-est-grandement-temps-dadapter-les-statuts-de-votre-societe-si-cela-nest-pas-encore-fait-la-periode-de-transition-prend-fin-au-31-decembre-2023\\\/#primaryimage\"},\"thumbnailUrl\":\"https:\\\/\\\/moov.law\\\/wp-content\\\/uploads\\\/2023\\\/03\\\/pexels-karolina-grabowska-5899079-scaled.jpg\",\"keywords\":[\"avocat\",\"codedessoci\u00e9t\u00e9s\",\"CSA\",\"entreprise\",\"formalit\u00e9s\",\"soci\u00e9t\u00e9\",\"statuts\"],\"articleSection\":[\"Vennootschapsrecht\"],\"inLanguage\":\"nl-NL\"},{\"@type\":\"WebPage\",\"@id\":\"https:\\\/\\\/moov.law\\\/nl\\\/il-est-grandement-temps-dadapter-les-statuts-de-votre-societe-si-cela-nest-pas-encore-fait-la-periode-de-transition-prend-fin-au-31-decembre-2023\\\/\",\"url\":\"https:\\\/\\\/moov.law\\\/nl\\\/il-est-grandement-temps-dadapter-les-statuts-de-votre-societe-si-cela-nest-pas-encore-fait-la-periode-de-transition-prend-fin-au-31-decembre-2023\\\/\",\"name\":\"Il est grandement temps\u00a0d\u2019adapter les statuts de votre soci\u00e9t\u00e9 si cela n\u2019est pas encore fait\u00a0: la p\u00e9riode de transition prend fin\u00a0au 31 d\u00e9cembre 2023\u00a0! - moov\",\"isPartOf\":{\"@id\":\"https:\\\/\\\/moov.law\\\/#website\"},\"primaryImageOfPage\":{\"@id\":\"https:\\\/\\\/moov.law\\\/nl\\\/il-est-grandement-temps-dadapter-les-statuts-de-votre-societe-si-cela-nest-pas-encore-fait-la-periode-de-transition-prend-fin-au-31-decembre-2023\\\/#primaryimage\"},\"image\":{\"@id\":\"https:\\\/\\\/moov.law\\\/nl\\\/il-est-grandement-temps-dadapter-les-statuts-de-votre-societe-si-cela-nest-pas-encore-fait-la-periode-de-transition-prend-fin-au-31-decembre-2023\\\/#primaryimage\"},\"thumbnailUrl\":\"https:\\\/\\\/moov.law\\\/wp-content\\\/uploads\\\/2023\\\/03\\\/pexels-karolina-grabowska-5899079-scaled.jpg\",\"datePublished\":\"2023-03-31T14:10:53+00:00\",\"dateModified\":\"2023-07-14T08:06:50+00:00\",\"description\":\"Nich\u00e9 au c\u0153ur du centre historique de Bruxelles, au sein des c\u00e9l\u00e8bres Galeries Saint-Hubert, moov.law est un cabinet de proximit\u00e9, \u00e0 taille humaine, dont les valeurs sont l\u2019excellence, le pragmatisme, la transparence, le sens du service et le bien-\u00eatre de ses membres.\",\"breadcrumb\":{\"@id\":\"https:\\\/\\\/moov.law\\\/nl\\\/il-est-grandement-temps-dadapter-les-statuts-de-votre-societe-si-cela-nest-pas-encore-fait-la-periode-de-transition-prend-fin-au-31-decembre-2023\\\/#breadcrumb\"},\"inLanguage\":\"nl-NL\",\"potentialAction\":[{\"@type\":\"ReadAction\",\"target\":[\"https:\\\/\\\/moov.law\\\/nl\\\/il-est-grandement-temps-dadapter-les-statuts-de-votre-societe-si-cela-nest-pas-encore-fait-la-periode-de-transition-prend-fin-au-31-decembre-2023\\\/\"]}]},{\"@type\":\"ImageObject\",\"inLanguage\":\"nl-NL\",\"@id\":\"https:\\\/\\\/moov.law\\\/nl\\\/il-est-grandement-temps-dadapter-les-statuts-de-votre-societe-si-cela-nest-pas-encore-fait-la-periode-de-transition-prend-fin-au-31-decembre-2023\\\/#primaryimage\",\"url\":\"https:\\\/\\\/moov.law\\\/wp-content\\\/uploads\\\/2023\\\/03\\\/pexels-karolina-grabowska-5899079-scaled.jpg\",\"contentUrl\":\"https:\\\/\\\/moov.law\\\/wp-content\\\/uploads\\\/2023\\\/03\\\/pexels-karolina-grabowska-5899079-scaled.jpg\",\"width\":2560,\"height\":1707},{\"@type\":\"BreadcrumbList\",\"@id\":\"https:\\\/\\\/moov.law\\\/nl\\\/il-est-grandement-temps-dadapter-les-statuts-de-votre-societe-si-cela-nest-pas-encore-fait-la-periode-de-transition-prend-fin-au-31-decembre-2023\\\/#breadcrumb\",\"itemListElement\":[{\"@type\":\"ListItem\",\"position\":1,\"name\":\"Accueil\",\"item\":\"https:\\\/\\\/moov.law\\\/nl\\\/\"},{\"@type\":\"ListItem\",\"position\":2,\"name\":\"Il est grandement temps\u00a0d\u2019adapter les statuts de votre soci\u00e9t\u00e9 si cela n\u2019est pas encore fait\u00a0: la p\u00e9riode de transition prend fin\u00a0au 31 d\u00e9cembre 2023\u00a0!\"}]},{\"@type\":\"WebSite\",\"@id\":\"https:\\\/\\\/moov.law\\\/#website\",\"url\":\"https:\\\/\\\/moov.law\\\/\",\"name\":\"moov\",\"description\":\"Cabinet d&#039;avocats nich\u00e9 au c\u0153ur de Bruxelles.\",\"publisher\":{\"@id\":\"https:\\\/\\\/moov.law\\\/#organization\"},\"potentialAction\":[{\"@type\":\"SearchAction\",\"target\":{\"@type\":\"EntryPoint\",\"urlTemplate\":\"https:\\\/\\\/moov.law\\\/?s={search_term_string}\"},\"query-input\":{\"@type\":\"PropertyValueSpecification\",\"valueRequired\":true,\"valueName\":\"search_term_string\"}}],\"inLanguage\":\"nl-NL\"},{\"@type\":\"Organization\",\"@id\":\"https:\\\/\\\/moov.law\\\/#organization\",\"name\":\"moov.law\",\"url\":\"https:\\\/\\\/moov.law\\\/\",\"logo\":{\"@type\":\"ImageObject\",\"inLanguage\":\"nl-NL\",\"@id\":\"https:\\\/\\\/moov.law\\\/#\\\/schema\\\/logo\\\/image\\\/\",\"url\":\"https:\\\/\\\/moov.law\\\/wp-content\\\/uploads\\\/2021\\\/11\\\/moov-logo.png\",\"contentUrl\":\"https:\\\/\\\/moov.law\\\/wp-content\\\/uploads\\\/2021\\\/11\\\/moov-logo.png\",\"width\":1200,\"height\":800,\"caption\":\"moov.law\"},\"image\":{\"@id\":\"https:\\\/\\\/moov.law\\\/#\\\/schema\\\/logo\\\/image\\\/\"},\"sameAs\":[\"https:\\\/\\\/www.linkedin.com\\\/company\\\/moov-law\"]},{\"@type\":\"Person\",\"@id\":\"https:\\\/\\\/moov.law\\\/#\\\/schema\\\/person\\\/b2ec0c78359ee74c54a90e0de6cb97a7\",\"name\":\"contact@moov.law\",\"url\":\"https:\\\/\\\/moov.law\\\/nl\\\/author\\\/contactmoov-law\\\/\"}]}<\/script>\n<!-- \/ Yoast SEO plugin. -->","yoast_head_json":{"title":"Il est grandement temps\u00a0d\u2019adapter les statuts de votre soci\u00e9t\u00e9 si cela n\u2019est pas encore fait\u00a0: la p\u00e9riode de transition prend fin\u00a0au 31 d\u00e9cembre 2023\u00a0! - moov","description":"Nich\u00e9 au c\u0153ur du centre historique de Bruxelles, au sein des c\u00e9l\u00e8bres Galeries Saint-Hubert, moov.law est un cabinet de proximit\u00e9, \u00e0 taille humaine, dont les valeurs sont l\u2019excellence, le pragmatisme, la transparence, le sens du service et le bien-\u00eatre de ses membres.","robots":{"index":"index","follow":"follow","max-snippet":"max-snippet:-1","max-image-preview":"max-image-preview:large","max-video-preview":"max-video-preview:-1"},"canonical":"https:\/\/moov.law\/nl\/il-est-grandement-temps-dadapter-les-statuts-de-votre-societe-si-cela-nest-pas-encore-fait-la-periode-de-transition-prend-fin-au-31-decembre-2023\/","og_locale":"nl_NL","og_type":"article","og_title":"Il est grandement temps\u00a0d\u2019adapter les statuts de votre soci\u00e9t\u00e9 si cela n\u2019est pas encore fait\u00a0: la p\u00e9riode de transition prend fin\u00a0au 31 d\u00e9cembre 2023\u00a0! - moov","og_description":"Nich\u00e9 au c\u0153ur du centre historique de Bruxelles, au sein des c\u00e9l\u00e8bres Galeries Saint-Hubert, moov.law est un cabinet de proximit\u00e9, \u00e0 taille humaine, dont les valeurs sont l\u2019excellence, le pragmatisme, la transparence, le sens du service et le bien-\u00eatre de ses membres.","og_url":"https:\/\/moov.law\/nl\/il-est-grandement-temps-dadapter-les-statuts-de-votre-societe-si-cela-nest-pas-encore-fait-la-periode-de-transition-prend-fin-au-31-decembre-2023\/","og_site_name":"moov","article_published_time":"2023-03-31T14:10:53+00:00","article_modified_time":"2023-07-14T08:06:50+00:00","og_image":[{"width":2560,"height":1707,"url":"https:\/\/moov.law\/wp-content\/uploads\/2023\/03\/pexels-karolina-grabowska-5899079-scaled.jpg","type":"image\/jpeg"}],"author":"contact@moov.law","twitter_card":"summary_large_image","twitter_misc":{"Geschreven door":"contact@moov.law","Geschatte leestijd":"5 minuten"},"schema":{"@context":"https:\/\/schema.org","@graph":[{"@type":"Article","@id":"https:\/\/moov.law\/nl\/il-est-grandement-temps-dadapter-les-statuts-de-votre-societe-si-cela-nest-pas-encore-fait-la-periode-de-transition-prend-fin-au-31-decembre-2023\/#article","isPartOf":{"@id":"https:\/\/moov.law\/nl\/il-est-grandement-temps-dadapter-les-statuts-de-votre-societe-si-cela-nest-pas-encore-fait-la-periode-de-transition-prend-fin-au-31-decembre-2023\/"},"author":{"name":"contact@moov.law","@id":"https:\/\/moov.law\/#\/schema\/person\/b2ec0c78359ee74c54a90e0de6cb97a7"},"headline":"Il est grandement temps\u00a0d\u2019adapter les statuts de votre soci\u00e9t\u00e9 si cela n\u2019est pas encore fait\u00a0: la p\u00e9riode de transition prend fin\u00a0au 31 d\u00e9cembre 2023\u00a0!","datePublished":"2023-03-31T14:10:53+00:00","dateModified":"2023-07-14T08:06:50+00:00","mainEntityOfPage":{"@id":"https:\/\/moov.law\/nl\/il-est-grandement-temps-dadapter-les-statuts-de-votre-societe-si-cela-nest-pas-encore-fait-la-periode-de-transition-prend-fin-au-31-decembre-2023\/"},"wordCount":1063,"publisher":{"@id":"https:\/\/moov.law\/#organization"},"image":{"@id":"https:\/\/moov.law\/nl\/il-est-grandement-temps-dadapter-les-statuts-de-votre-societe-si-cela-nest-pas-encore-fait-la-periode-de-transition-prend-fin-au-31-decembre-2023\/#primaryimage"},"thumbnailUrl":"https:\/\/moov.law\/wp-content\/uploads\/2023\/03\/pexels-karolina-grabowska-5899079-scaled.jpg","keywords":["avocat","codedessoci\u00e9t\u00e9s","CSA","entreprise","formalit\u00e9s","soci\u00e9t\u00e9","statuts"],"articleSection":["Vennootschapsrecht"],"inLanguage":"nl-NL"},{"@type":"WebPage","@id":"https:\/\/moov.law\/nl\/il-est-grandement-temps-dadapter-les-statuts-de-votre-societe-si-cela-nest-pas-encore-fait-la-periode-de-transition-prend-fin-au-31-decembre-2023\/","url":"https:\/\/moov.law\/nl\/il-est-grandement-temps-dadapter-les-statuts-de-votre-societe-si-cela-nest-pas-encore-fait-la-periode-de-transition-prend-fin-au-31-decembre-2023\/","name":"Il est grandement temps\u00a0d\u2019adapter les statuts de votre soci\u00e9t\u00e9 si cela n\u2019est pas encore fait\u00a0: la p\u00e9riode de transition prend fin\u00a0au 31 d\u00e9cembre 2023\u00a0! - moov","isPartOf":{"@id":"https:\/\/moov.law\/#website"},"primaryImageOfPage":{"@id":"https:\/\/moov.law\/nl\/il-est-grandement-temps-dadapter-les-statuts-de-votre-societe-si-cela-nest-pas-encore-fait-la-periode-de-transition-prend-fin-au-31-decembre-2023\/#primaryimage"},"image":{"@id":"https:\/\/moov.law\/nl\/il-est-grandement-temps-dadapter-les-statuts-de-votre-societe-si-cela-nest-pas-encore-fait-la-periode-de-transition-prend-fin-au-31-decembre-2023\/#primaryimage"},"thumbnailUrl":"https:\/\/moov.law\/wp-content\/uploads\/2023\/03\/pexels-karolina-grabowska-5899079-scaled.jpg","datePublished":"2023-03-31T14:10:53+00:00","dateModified":"2023-07-14T08:06:50+00:00","description":"Nich\u00e9 au c\u0153ur du centre historique de Bruxelles, au sein des c\u00e9l\u00e8bres Galeries Saint-Hubert, moov.law est un cabinet de proximit\u00e9, \u00e0 taille humaine, dont les valeurs sont l\u2019excellence, le pragmatisme, la transparence, le sens du service et le bien-\u00eatre de ses membres.","breadcrumb":{"@id":"https:\/\/moov.law\/nl\/il-est-grandement-temps-dadapter-les-statuts-de-votre-societe-si-cela-nest-pas-encore-fait-la-periode-de-transition-prend-fin-au-31-decembre-2023\/#breadcrumb"},"inLanguage":"nl-NL","potentialAction":[{"@type":"ReadAction","target":["https:\/\/moov.law\/nl\/il-est-grandement-temps-dadapter-les-statuts-de-votre-societe-si-cela-nest-pas-encore-fait-la-periode-de-transition-prend-fin-au-31-decembre-2023\/"]}]},{"@type":"ImageObject","inLanguage":"nl-NL","@id":"https:\/\/moov.law\/nl\/il-est-grandement-temps-dadapter-les-statuts-de-votre-societe-si-cela-nest-pas-encore-fait-la-periode-de-transition-prend-fin-au-31-decembre-2023\/#primaryimage","url":"https:\/\/moov.law\/wp-content\/uploads\/2023\/03\/pexels-karolina-grabowska-5899079-scaled.jpg","contentUrl":"https:\/\/moov.law\/wp-content\/uploads\/2023\/03\/pexels-karolina-grabowska-5899079-scaled.jpg","width":2560,"height":1707},{"@type":"BreadcrumbList","@id":"https:\/\/moov.law\/nl\/il-est-grandement-temps-dadapter-les-statuts-de-votre-societe-si-cela-nest-pas-encore-fait-la-periode-de-transition-prend-fin-au-31-decembre-2023\/#breadcrumb","itemListElement":[{"@type":"ListItem","position":1,"name":"Accueil","item":"https:\/\/moov.law\/nl\/"},{"@type":"ListItem","position":2,"name":"Il est grandement temps\u00a0d\u2019adapter les statuts de votre soci\u00e9t\u00e9 si cela n\u2019est pas encore fait\u00a0: la p\u00e9riode de transition prend fin\u00a0au 31 d\u00e9cembre 2023\u00a0!"}]},{"@type":"WebSite","@id":"https:\/\/moov.law\/#website","url":"https:\/\/moov.law\/","name":"moov","description":"Cabinet d&#039;avocats nich\u00e9 au c\u0153ur de Bruxelles.","publisher":{"@id":"https:\/\/moov.law\/#organization"},"potentialAction":[{"@type":"SearchAction","target":{"@type":"EntryPoint","urlTemplate":"https:\/\/moov.law\/?s={search_term_string}"},"query-input":{"@type":"PropertyValueSpecification","valueRequired":true,"valueName":"search_term_string"}}],"inLanguage":"nl-NL"},{"@type":"Organization","@id":"https:\/\/moov.law\/#organization","name":"moov.law","url":"https:\/\/moov.law\/","logo":{"@type":"ImageObject","inLanguage":"nl-NL","@id":"https:\/\/moov.law\/#\/schema\/logo\/image\/","url":"https:\/\/moov.law\/wp-content\/uploads\/2021\/11\/moov-logo.png","contentUrl":"https:\/\/moov.law\/wp-content\/uploads\/2021\/11\/moov-logo.png","width":1200,"height":800,"caption":"moov.law"},"image":{"@id":"https:\/\/moov.law\/#\/schema\/logo\/image\/"},"sameAs":["https:\/\/www.linkedin.com\/company\/moov-law"]},{"@type":"Person","@id":"https:\/\/moov.law\/#\/schema\/person\/b2ec0c78359ee74c54a90e0de6cb97a7","name":"contact@moov.law","url":"https:\/\/moov.law\/nl\/author\/contactmoov-law\/"}]}},"_links":{"self":[{"href":"https:\/\/moov.law\/nl\/wp-json\/wp\/v2\/posts\/1807","targetHints":{"allow":["GET"]}}],"collection":[{"href":"https:\/\/moov.law\/nl\/wp-json\/wp\/v2\/posts"}],"about":[{"href":"https:\/\/moov.law\/nl\/wp-json\/wp\/v2\/types\/post"}],"author":[{"embeddable":true,"href":"https:\/\/moov.law\/nl\/wp-json\/wp\/v2\/users\/2"}],"replies":[{"embeddable":true,"href":"https:\/\/moov.law\/nl\/wp-json\/wp\/v2\/comments?post=1807"}],"version-history":[{"count":3,"href":"https:\/\/moov.law\/nl\/wp-json\/wp\/v2\/posts\/1807\/revisions"}],"predecessor-version":[{"id":2197,"href":"https:\/\/moov.law\/nl\/wp-json\/wp\/v2\/posts\/1807\/revisions\/2197"}],"wp:featuredmedia":[{"embeddable":true,"href":"https:\/\/moov.law\/nl\/wp-json\/wp\/v2\/media\/1802"}],"wp:attachment":[{"href":"https:\/\/moov.law\/nl\/wp-json\/wp\/v2\/media?parent=1807"}],"wp:term":[{"taxonomy":"category","embeddable":true,"href":"https:\/\/moov.law\/nl\/wp-json\/wp\/v2\/categories?post=1807"},{"taxonomy":"post_tag","embeddable":true,"href":"https:\/\/moov.law\/nl\/wp-json\/wp\/v2\/tags?post=1807"}],"curies":[{"name":"wp","href":"https:\/\/api.w.org\/{rel}","templated":true}]}}