{"id":3070,"date":"2024-03-15T10:19:12","date_gmt":"2024-03-15T09:19:12","guid":{"rendered":"https:\/\/moov.law\/lue-sattaque-aux-allegations-environnementales-trompeuses\/"},"modified":"2024-05-08T12:05:19","modified_gmt":"2024-05-08T10:05:19","slug":"lue-sattaque-aux-allegations-environnementales-trompeuses","status":"publish","type":"post","link":"https:\/\/moov.law\/nl\/lue-sattaque-aux-allegations-environnementales-trompeuses\/","title":{"rendered":"L\u2019UE s\u2019attaque aux all\u00e9gations environnementales trompeuses"},"content":{"rendered":"\n<p>I. <strong><u>Historique<\/u><\/strong><\/p>\n\n\n\n<p>Le 30 mars 2022, la Commission a pr\u00e9sent\u00e9 une<strong> proposition de directive europ\u00e9enne sur les all\u00e9gations \u00e9cologiques<\/strong><a href=\"#_ftn1\" id=\"_ftnref1\">[1]<\/a> visant \u00e0 compl\u00e9ter l\u2019interdiction du <em>greenwashing<\/em>. L\u2019interdiction du <em>greenwashing<\/em> avait d\u00e9j\u00e0 \u00e9t\u00e9 approuv\u00e9e par le Parlement europ\u00e9en le 17 janvier 2024, et prend forme dans la directive 2024\/825 du 28 f\u00e9vrier 2024<a href=\"#_ftn2\" id=\"_ftnref2\">[2]<\/a> qui d\u00e9finit le type d\u2019information que les entreprises doivent fournir pour justifier leurs all\u00e9gations de marketing environnemental.<a href=\"#_ftn3\" id=\"_ftnref3\">[3]<\/a><\/p>\n\n\n\n<p>Le 19 septembre 2023, le Parlement europ\u00e9en et le Conseil de l\u2019Union Europ\u00e9enne ont conclu un <strong>accord provisoire<\/strong> concernant la proposition de directive europ\u00e9enne relative \u00e0 la r\u00e9gulation des all\u00e9gations environnementales.<\/p>\n\n\n\n<p>Le 14 f\u00e9vrier 2024, c\u2019est au tour des commissions du march\u00e9 int\u00e9rieur et de l\u2019environnement d\u2019adopter leur position sur les r\u00e8gles de validation des all\u00e9gations de marketing environnemental des entreprises.<\/p>\n\n\n\n<p>Le Parlement europ\u00e9en a vot\u00e9 le 12 mars 2024 la proposition de directive relative \u00e0 la r\u00e9gulation des all\u00e9gations environnementales lors de la s\u00e9ance pl\u00e9ni\u00e8re qui se tient <strong>cette semaine<\/strong> \u00e0 Strasbourg.<a href=\"#_ftn4\" id=\"_ftnref4\">[4]<\/a><\/p>\n\n\n\n<p>La proposition de directive ne s\u2019applique pas aux micro-entreprises (i.e. avec moins de dix personnes et avec un profit de moins de deux millions par an).<\/p>\n\n\n\n<p>II. <strong><u>Ratio legis et contenu de la proposition de directive<\/u><\/strong><\/p>\n\n\n\n<p>II.1. <em>Ratio legis<\/em><\/p>\n\n\n\n<p>Il ressort d\u2019\u00e9tudes men\u00e9es au sein de l\u2019UE, que 50% des all\u00e9gations environnementales, comme les labels \u00ab&nbsp;eco-friendly&nbsp;\u00bb, \u00ab&nbsp;green&nbsp;\u00bb, etc. que l\u2019on peut retrouver dans tous les supermarch\u00e9s sont fausses, et induisent le consommateur en erreur.<a href=\"#_ftn5\" id=\"_ftnref5\">[5]<\/a><\/p>\n\n\n\n<p>Afin de renforcer la cr\u00e9dibilit\u00e9 des labels de durabilit\u00e9, et d\u2019instaurer ainsi une confiance accrue dans les <strong>indications de durabilit\u00e9<\/strong>, la proposition de directive s\u2019attaque de front aux pratiques trompeuses et pr\u00f4ne la transparence en vue de prot\u00e9ger au maximum le consommateur.<\/p>\n\n\n\n<p>Il en va de m\u00eame pour l&#8217;interdiction des all\u00e9gations bas\u00e9es sur la compensation des \u00e9missions de gaz \u00e0 effet de serre qui doivent viser \u00e0 garantir que les entreprises ne puissent faire valoir des impacts environnementaux <strong>non v\u00e9rifi\u00e9s<\/strong>. Actuellement, 93% des all\u00e9gations d\u2019\u00e9missions carbones se sont r\u00e9v\u00e9l\u00e9es fausses selon la commission du march\u00e9 int\u00e9rieur.<a href=\"#_ftn6\" id=\"_ftnref6\">[6]<\/a><\/p>\n\n\n\n<p>II.2. <em>Concernant la certification environnementale (ou \u00ab\u00a0environmental labelling scheme\u00a0\u00bb) et le contr\u00f4le<\/em><\/p>\n\n\n\n<p>La proposition de directive vise \u00e0 \u00e9tablir avec clart\u00e9 les \u00e9l\u00e9ments essentiels du syst\u00e8me de <strong>certification<\/strong>. Afin de faciliter la communication des entreprises \u00e0 propos de leur marketing environnemental, la proposition de directive introduit un <strong>\u00e9tiquetage harmonis\u00e9<\/strong>, fournissant des informations sur la garantie commerciale de durabilit\u00e9 offerte par les producteurs, avec une r\u00e9f\u00e9rence \u00e0 la garantie l\u00e9gale de conformit\u00e9. Un avis sera \u00e9galement affich\u00e9 de mani\u00e8re bien visible dans les magasins et sur les sites pour <strong>informer<\/strong> les consommateurs sur la garantie l\u00e9gale de conformit\u00e9, renfor\u00e7ant ainsi la <strong>transparence<\/strong> dans les transactions commerciales.<\/p>\n\n\n\n<p>La Commission publiera la liste des certificats environnementaux officiellement reconnus pour le march\u00e9 de l&#8217;UE afin de permettre une <strong>certification contr\u00f4l\u00e9e<\/strong>.<\/p>\n\n\n\n<p>Les \u00c9tats membres quant \u00e0 eux devront s&#8217;assurer que les entreprises r\u00e9alisent une <strong>\u00e9valuation<\/strong> pour \u00e9tayer des affirmations environnementales, en respectant un certain nombre d&#8217;exigences.<\/p>\n\n\n\n<p>Les entreprises devront notamment&nbsp;:<\/p>\n\n\n\n<ul class=\"wp-block-list\">\n<li>pr\u00e9ciser si l&#8217;affirmation concerne l&#8217;ensemble du produit ou une partie de celui-ci, ou si l&#8217;affirmation concerne toutes les activit\u00e9s d&#8217;une entreprise ou seulement certaines d&#8217;entre elles ;<\/li>\n\n\n\n<li>baser les affirmations sur des <strong>preuves scientifiques largement reconnues<\/strong>, en utilisant des informations pr\u00e9cises et des normes internationales ;<\/li>\n\n\n\n<li>adopter une perspective du <strong>cycle de vie<\/strong> ;<\/li>\n\n\n\n<li>prendre en compte <strong>tous<\/strong> les aspects et impacts environnementaux significatifs pour \u00e9valuer la performance environnementale ;<\/li>\n\n\n\n<li>d\u00e9montrer que l&#8217;affirmation n&#8217;est pas \u00e9quivalente aux exigences impos\u00e9es par la loi ;<\/li>\n\n\n\n<li>fournir des informations sur le fait que le produit ou l&#8217;entreprise faisant l&#8217;objet de l&#8217;affirmation <strong>performe significativement mieux<\/strong> que la pratique habituelle ;<\/li>\n\n\n\n<li>v\u00e9rifier qu&#8217;une r\u00e9ussite positive n&#8217;a pas d&#8217;impacts nuisibles sur le changement climatique, la consommation de ressources et la circularit\u00e9, l&#8217;utilisation durable et la protection de l&#8217;eau et des ressources marines, la pollution, la biodiversit\u00e9, le bien-\u00eatre animal et les \u00e9cosyst\u00e8mes ;<\/li>\n\n\n\n<li>inclure des informations primaires (mesur\u00e9es directement ou collect\u00e9es par l&#8217;entreprise), ou si ces informations ne sont pas disponibles, fournir des informations secondaires (provenant par exemples d\u2019\u00e9tudes r\u00e9alis\u00e9es par des ing\u00e9nieurs)<a href=\"#_ftn7\" id=\"_ftnref7\">[7]<\/a><\/li>\n\n\n\n<li>etc.<\/li>\n<\/ul>\n\n\n\n<p>La Commission sera autoris\u00e9e \u00e0 adopter des actes d\u00e9l\u00e9gu\u00e9s pour modifier ces exigences, par exemple pour \u00e9tablir des <strong>r\u00e8gles sp\u00e9cifiques bas\u00e9es sur le cycle de vie pour certains groupes de produits et secteurs.<\/strong><\/p>\n\n\n\n<p>Pour les PME, les Etats-Membres devront fournir une aide pour qu\u2019elles puissent se conformer \u00e0 la proposition de directive en sensibilisant, en fournissant un soutien financier et en \u00e9tablissant des m\u00e9canismes d&#8217;assistance technique.<\/p>\n\n\n\n<p>Les autorit\u00e9s comp\u00e9tentes nationales devront effectuer des <strong>contr\u00f4les<\/strong> r\u00e9guliers des all\u00e9gations environnementales explicites et des programmes de certification appliqu\u00e9s, avec <strong>publication<\/strong> des r\u00e9sultats.<\/p>\n\n\n\n<p>Des <strong>sanctions<\/strong> seront applicables en cas d&#8217;infractions, selon un syst\u00e8me \u00e9tabli par les \u00c9tats membres.<\/p>\n\n\n\n<p>II.3. <em>Concernant les interdictions<\/em><\/p>\n\n\n\n<p>Un autre aspect cl\u00e9 de la proposition directive r\u00e9side dans <strong>l\u2019interdiction<\/strong> des pratiques suivantes&nbsp;:<\/p>\n\n\n\n<ul class=\"wp-block-list\">\n<li>l&#8217;obsolescence pr\u00e9coce&nbsp;;<\/li>\n\n\n\n<li>les mises \u00e0 jour logicielles inutiles\u00a0; et<\/li>\n\n\n\n<li>l&#8217;obligation injustifi\u00e9e d&#8217;acheter des pi\u00e8ces de rechange sp\u00e9cifiques.<\/li>\n<\/ul>\n\n\n\n<p>III. <strong><u>Conclusion<\/u><\/strong><\/p>\n\n\n\n<p>Cette semaine marque la fin d\u2019un long parcours entam\u00e9 il y a d\u00e9j\u00e0 deux ans par la Commission.<\/p>\n\n\n\n<p>La proposition de directive est une \u00e9tape cruciale dans la mani\u00e8re dont les entreprises communiquent leurs efforts en mati\u00e8re d&#8217;environnement. C&#8217;est un signal fort de l&#8217;engagement de l&#8217;Union europ\u00e9enne envers une consommation plus responsable et une incitation \u00e0 repenser nos modes de production et de consommation, et surtout une protection renforc\u00e9e du consommateur contre les all\u00e9gations environnementales trompeuses. Cette d\u00e9termination se traduit par la volont\u00e9 de mettre \u00e0 la disposition des consommateurs une palette compl\u00e8te d&#8217;outils, visant \u00e0 accro\u00eetre leur compr\u00e9hension des pratiques de production et des impacts environnementaux des produits. L&#8217;objectif est de favoriser une consommation avertie.<\/p>\n\n\n\n<p>En mettant l&#8217;accent sur la transparence et la disponibilit\u00e9 d&#8217;informations fiables, l&#8217;Union europ\u00e9enne aspire \u00e0 encourager une transformation positive des habitudes de consommation, mais aussi \u00e0 r\u00e9glementer le marketing environnemental des entreprises de fa\u00e7on stricte.<\/p>\n\n\n\n<p>> <em>Avec une p\u00e9riode de transition de <strong>24 mois<\/strong> laiss\u00e9e aux \u00c9tats membres pour s&#8217;adapter, cet accord marque une avanc\u00e9e significative vers une consommation plus \u00e9clair\u00e9e et respectueuse de l&#8217;environnement au sein de l&#8217;Union europ\u00e9enne.<\/em><\/p>\n\n\n\n<p>Alix Nieuwenhuys<\/p>\n\n\n\n<p>Avocate<\/p>\n\n\n\n<p>a&#108;&#x69;&#x78;&#46;&#110;&#105;&#x65;&#x75;w&#101;&#x6e;&#x68;u&#121;&#115;&#x40;&#x6d;o&#111;&#x76;&#x2e;l&#97;&#119;&nbsp;<\/p>\n\n\n\n<hr class=\"wp-block-separator has-alpha-channel-opacity\"\/>\n\n\n\n<p><a href=\"#_ftnref1\" id=\"_ftn1\">[1]<\/a> La Commission europ\u00e9enne, le 30 mars 2022, \u00ab&nbsp;<em>Proposal for a directive of the European parliament and of the council amending Directives 2005\/29\/EC and 2011\/83\/EU as regards empowering consumers for the green transition through better protection against unfair practices and better information\u201d, <\/em>url: <a href=\"https:\/\/eur-lex.europa.eu\/legal-content\/EN\/TXT\/?uri=CELEX%3A52022PC0143&amp;qid=1649327162410\">https:\/\/eur-lex.europa.eu\/legal-content\/EN\/TXT\/?uri=CELEX%3A52022PC0143&amp;qid=1649327162410<\/a><\/p>\n\n\n\n<p><a href=\"#_ftnref2\" id=\"_ftn2\">[2]<\/a> Directive (UE) 2024\/825 du Parlement europ\u00e9en et du Conseil du 28&nbsp;f\u00e9vrier 2024 modifiant les directives&nbsp;2005\/29\/CE et&nbsp;2011\/83\/UE pour donner aux consommateurs les moyens d\u2019agir en faveur de la transition verte gr\u00e2ce \u00e0 une meilleure protection contre les pratiques d\u00e9loyales et gr\u00e2ce \u00e0 une meilleure information, <a href=\"https:\/\/eur-lex.europa.eu\/legal-content\/FR\/TXT\/?uri=CELEX%3A32024L0825\">ici<\/a>.<\/p>\n\n\n\n<p><a href=\"#_ftnref3\" id=\"_ftn3\">[3]<\/a> Cette directive ne fera pas l\u2019objet d\u2019une analyse plus pouss\u00e9e dans cet article, pour de plus amples informations vous pouvez consulter cette page.<\/p>\n\n\n\n<p><a href=\"#_ftnref4\" id=\"_ftn4\">[4]<\/a> Agenda de la s\u00e9ance pl\u00e9ni\u00e8re du parlement europ\u00e9en, mars 2024&nbsp;: <a href=\"https:\/\/www.europarl.europa.eu\/doceo\/document\/OJ-9-2024-03-11-SYN_EN.html\">https:\/\/www.europarl.europa.eu\/doceo\/document\/OJ-9-2024-03-11-SYN_EN.html<\/a><\/p>\n\n\n\n<p><a href=\"#_ftnref5\" id=\"_ftn5\">[5]<\/a> Conf\u00e9rence de presse d\u2019Andrus ANSIP et Cyrus ENGERER, co-rapporteurs concernant la Directive sur les all\u00e9gations \u00e9cologiques (ou \u00ab&nbsp;Green Claims Directive&nbsp;\u00bb), \u00e0 consulter <a href=\"https:\/\/multimedia.europarl.europa.eu\/fr\/webstreaming\/press-conference-by-andrus-ansip-and-cyrus-engerer-co-rapporteurs-on-green-claims-directive_20240312-1430-SPECIAL-PRESSER\">ici<\/a>.<\/p>\n\n\n\n<p><a href=\"#_ftnref6\" id=\"_ftn6\">[6]<\/a> Conf\u00e9rence de presse d\u2019Andrus ANSIP et Cyrus ENGERER, co-rapporteurs concernant la Directive sur les all\u00e9gations \u00e9cologiques (ou \u00ab&nbsp;Green Claims Directive&nbsp;\u00bb), \u00e0 consulter <a href=\"https:\/\/multimedia.europarl.europa.eu\/fr\/webstreaming\/press-conference-by-andrus-ansip-and-cyrus-engerer-co-rapporteurs-on-green-claims-directive_20240312-1430-SPECIAL-PRESSER\">ici<\/a>.<\/p>\n\n\n\n<p><a href=\"#_ftnref7\" id=\"_ftn7\">[7]<\/a> <a href=\"https:\/\/www.europarl.europa.eu\/RegData\/etudes\/BRIE\/2023\/753958\/EPRS_BRI(2023)753958_EN.pdf\">https:\/\/www.europarl.europa.eu\/RegData\/etudes\/BRIE\/2023\/753958\/EPRS_BRI(2023)753958_EN.pdf<\/a><\/p>\n","protected":false},"excerpt":{"rendered":"<p>I. Historique Le 30 mars 2022, la Commission a pr\u00e9sent\u00e9 une proposition de directive europ\u00e9enne sur les all\u00e9gations \u00e9cologiques[1] visant \u00e0 compl\u00e9ter l\u2019interdiction du greenwashing&#8230;.<\/p>\n","protected":false},"author":2,"featured_media":2850,"comment_status":"closed","ping_status":"open","sticky":false,"template":"","format":"standard","meta":{"footnotes":""},"categories":[421],"tags":[547,548,395,97,549,192,550,551],"class_list":["post-3070","post","type-post","status-publish","format-standard","has-post-thumbnail","hentry","category-droit-europeen-nl","tag-2024-825-nl","tag-commission-nl","tag-directive-nl","tag-entreprise-nl","tag-environnement-nl","tag-europe-nl","tag-greenwashing-nl","tag-parlement-nl"],"acf":[],"yoast_head":"<!-- This site is optimized with the Yoast SEO plugin v27.5 - https:\/\/yoast.com\/product\/yoast-seo-wordpress\/ -->\n<title>L\u2019UE s\u2019attaque aux all\u00e9gations environnementales trompeuses - moov<\/title>\n<meta name=\"description\" content=\"Nich\u00e9 au c\u0153ur du centre historique de Bruxelles, au sein des c\u00e9l\u00e8bres Galeries Saint-Hubert, moov.law est un cabinet de proximit\u00e9, \u00e0 taille humaine, dont les valeurs sont l\u2019excellence, le pragmatisme, la transparence, le sens du service et le bien-\u00eatre de ses membres.\" \/>\n<meta name=\"robots\" content=\"index, follow, max-snippet:-1, max-image-preview:large, max-video-preview:-1\" \/>\n<link rel=\"canonical\" href=\"https:\/\/moov.law\/nl\/lue-sattaque-aux-allegations-environnementales-trompeuses\/\" \/>\n<meta property=\"og:locale\" content=\"nl_NL\" \/>\n<meta property=\"og:type\" content=\"article\" \/>\n<meta property=\"og:title\" content=\"L\u2019UE s\u2019attaque aux all\u00e9gations environnementales trompeuses - moov\" \/>\n<meta property=\"og:description\" content=\"Nich\u00e9 au c\u0153ur du centre historique de Bruxelles, au sein des c\u00e9l\u00e8bres Galeries Saint-Hubert, moov.law est un cabinet de proximit\u00e9, \u00e0 taille humaine, dont les valeurs sont l\u2019excellence, le pragmatisme, la transparence, le sens du service et le bien-\u00eatre de ses membres.\" \/>\n<meta property=\"og:url\" content=\"https:\/\/moov.law\/nl\/lue-sattaque-aux-allegations-environnementales-trompeuses\/\" \/>\n<meta property=\"og:site_name\" content=\"moov\" \/>\n<meta property=\"article:published_time\" content=\"2024-03-15T09:19:12+00:00\" \/>\n<meta property=\"article:modified_time\" content=\"2024-05-08T10:05:19+00:00\" \/>\n<meta property=\"og:image\" content=\"https:\/\/moov.law\/wp-content\/uploads\/2024\/03\/Imageee1.jpg\" \/>\n\t<meta property=\"og:image:width\" content=\"1386\" \/>\n\t<meta property=\"og:image:height\" content=\"924\" \/>\n\t<meta property=\"og:image:type\" content=\"image\/jpeg\" \/>\n<meta name=\"author\" content=\"contact@moov.law\" \/>\n<meta name=\"twitter:card\" content=\"summary_large_image\" \/>\n<meta name=\"twitter:label1\" content=\"Geschreven door\" \/>\n\t<meta name=\"twitter:data1\" content=\"contact@moov.law\" \/>\n\t<meta name=\"twitter:label2\" content=\"Geschatte leestijd\" \/>\n\t<meta name=\"twitter:data2\" content=\"7 minuten\" \/>\n<script type=\"application\/ld+json\" class=\"yoast-schema-graph\">{\"@context\":\"https:\\\/\\\/schema.org\",\"@graph\":[{\"@type\":\"Article\",\"@id\":\"https:\\\/\\\/moov.law\\\/nl\\\/lue-sattaque-aux-allegations-environnementales-trompeuses\\\/#article\",\"isPartOf\":{\"@id\":\"https:\\\/\\\/moov.law\\\/nl\\\/lue-sattaque-aux-allegations-environnementales-trompeuses\\\/\"},\"author\":{\"name\":\"contact@moov.law\",\"@id\":\"https:\\\/\\\/moov.law\\\/#\\\/schema\\\/person\\\/b2ec0c78359ee74c54a90e0de6cb97a7\"},\"headline\":\"L\u2019UE s\u2019attaque aux all\u00e9gations environnementales trompeuses\",\"datePublished\":\"2024-03-15T09:19:12+00:00\",\"dateModified\":\"2024-05-08T10:05:19+00:00\",\"mainEntityOfPage\":{\"@id\":\"https:\\\/\\\/moov.law\\\/nl\\\/lue-sattaque-aux-allegations-environnementales-trompeuses\\\/\"},\"wordCount\":1325,\"publisher\":{\"@id\":\"https:\\\/\\\/moov.law\\\/#organization\"},\"image\":{\"@id\":\"https:\\\/\\\/moov.law\\\/nl\\\/lue-sattaque-aux-allegations-environnementales-trompeuses\\\/#primaryimage\"},\"thumbnailUrl\":\"https:\\\/\\\/moov.law\\\/wp-content\\\/uploads\\\/2024\\\/03\\\/Imageee1.jpg\",\"keywords\":[\"2024\\\/825\",\"commission\",\"directive\",\"entreprise\",\"environnement\",\"europe\",\"greenwashing\",\"parlement\"],\"articleSection\":[\"Droit europ\u00e9en\"],\"inLanguage\":\"nl-NL\"},{\"@type\":\"WebPage\",\"@id\":\"https:\\\/\\\/moov.law\\\/nl\\\/lue-sattaque-aux-allegations-environnementales-trompeuses\\\/\",\"url\":\"https:\\\/\\\/moov.law\\\/nl\\\/lue-sattaque-aux-allegations-environnementales-trompeuses\\\/\",\"name\":\"L\u2019UE s\u2019attaque aux all\u00e9gations environnementales trompeuses - moov\",\"isPartOf\":{\"@id\":\"https:\\\/\\\/moov.law\\\/#website\"},\"primaryImageOfPage\":{\"@id\":\"https:\\\/\\\/moov.law\\\/nl\\\/lue-sattaque-aux-allegations-environnementales-trompeuses\\\/#primaryimage\"},\"image\":{\"@id\":\"https:\\\/\\\/moov.law\\\/nl\\\/lue-sattaque-aux-allegations-environnementales-trompeuses\\\/#primaryimage\"},\"thumbnailUrl\":\"https:\\\/\\\/moov.law\\\/wp-content\\\/uploads\\\/2024\\\/03\\\/Imageee1.jpg\",\"datePublished\":\"2024-03-15T09:19:12+00:00\",\"dateModified\":\"2024-05-08T10:05:19+00:00\",\"description\":\"Nich\u00e9 au c\u0153ur du centre historique de Bruxelles, au sein des c\u00e9l\u00e8bres Galeries Saint-Hubert, moov.law est un cabinet de proximit\u00e9, \u00e0 taille humaine, dont les valeurs sont l\u2019excellence, le pragmatisme, la transparence, le sens du service et le bien-\u00eatre de ses membres.\",\"breadcrumb\":{\"@id\":\"https:\\\/\\\/moov.law\\\/nl\\\/lue-sattaque-aux-allegations-environnementales-trompeuses\\\/#breadcrumb\"},\"inLanguage\":\"nl-NL\",\"potentialAction\":[{\"@type\":\"ReadAction\",\"target\":[\"https:\\\/\\\/moov.law\\\/nl\\\/lue-sattaque-aux-allegations-environnementales-trompeuses\\\/\"]}]},{\"@type\":\"ImageObject\",\"inLanguage\":\"nl-NL\",\"@id\":\"https:\\\/\\\/moov.law\\\/nl\\\/lue-sattaque-aux-allegations-environnementales-trompeuses\\\/#primaryimage\",\"url\":\"https:\\\/\\\/moov.law\\\/wp-content\\\/uploads\\\/2024\\\/03\\\/Imageee1.jpg\",\"contentUrl\":\"https:\\\/\\\/moov.law\\\/wp-content\\\/uploads\\\/2024\\\/03\\\/Imageee1.jpg\",\"width\":1386,\"height\":924},{\"@type\":\"BreadcrumbList\",\"@id\":\"https:\\\/\\\/moov.law\\\/nl\\\/lue-sattaque-aux-allegations-environnementales-trompeuses\\\/#breadcrumb\",\"itemListElement\":[{\"@type\":\"ListItem\",\"position\":1,\"name\":\"Accueil\",\"item\":\"https:\\\/\\\/moov.law\\\/nl\\\/\"},{\"@type\":\"ListItem\",\"position\":2,\"name\":\"L\u2019UE s\u2019attaque aux all\u00e9gations environnementales trompeuses\"}]},{\"@type\":\"WebSite\",\"@id\":\"https:\\\/\\\/moov.law\\\/#website\",\"url\":\"https:\\\/\\\/moov.law\\\/\",\"name\":\"moov\",\"description\":\"Cabinet d&#039;avocats nich\u00e9 au c\u0153ur de Bruxelles.\",\"publisher\":{\"@id\":\"https:\\\/\\\/moov.law\\\/#organization\"},\"potentialAction\":[{\"@type\":\"SearchAction\",\"target\":{\"@type\":\"EntryPoint\",\"urlTemplate\":\"https:\\\/\\\/moov.law\\\/?s={search_term_string}\"},\"query-input\":{\"@type\":\"PropertyValueSpecification\",\"valueRequired\":true,\"valueName\":\"search_term_string\"}}],\"inLanguage\":\"nl-NL\"},{\"@type\":\"Organization\",\"@id\":\"https:\\\/\\\/moov.law\\\/#organization\",\"name\":\"moov.law\",\"url\":\"https:\\\/\\\/moov.law\\\/\",\"logo\":{\"@type\":\"ImageObject\",\"inLanguage\":\"nl-NL\",\"@id\":\"https:\\\/\\\/moov.law\\\/#\\\/schema\\\/logo\\\/image\\\/\",\"url\":\"https:\\\/\\\/moov.law\\\/wp-content\\\/uploads\\\/2021\\\/11\\\/moov-logo.png\",\"contentUrl\":\"https:\\\/\\\/moov.law\\\/wp-content\\\/uploads\\\/2021\\\/11\\\/moov-logo.png\",\"width\":1200,\"height\":800,\"caption\":\"moov.law\"},\"image\":{\"@id\":\"https:\\\/\\\/moov.law\\\/#\\\/schema\\\/logo\\\/image\\\/\"},\"sameAs\":[\"https:\\\/\\\/www.linkedin.com\\\/company\\\/moov-law\"]},{\"@type\":\"Person\",\"@id\":\"https:\\\/\\\/moov.law\\\/#\\\/schema\\\/person\\\/b2ec0c78359ee74c54a90e0de6cb97a7\",\"name\":\"contact@moov.law\",\"url\":\"https:\\\/\\\/moov.law\\\/nl\\\/author\\\/contactmoov-law\\\/\"}]}<\/script>\n<!-- \/ Yoast SEO plugin. -->","yoast_head_json":{"title":"L\u2019UE s\u2019attaque aux all\u00e9gations environnementales trompeuses - moov","description":"Nich\u00e9 au c\u0153ur du centre historique de Bruxelles, au sein des c\u00e9l\u00e8bres Galeries Saint-Hubert, moov.law est un cabinet de proximit\u00e9, \u00e0 taille humaine, dont les valeurs sont l\u2019excellence, le pragmatisme, la transparence, le sens du service et le bien-\u00eatre de ses membres.","robots":{"index":"index","follow":"follow","max-snippet":"max-snippet:-1","max-image-preview":"max-image-preview:large","max-video-preview":"max-video-preview:-1"},"canonical":"https:\/\/moov.law\/nl\/lue-sattaque-aux-allegations-environnementales-trompeuses\/","og_locale":"nl_NL","og_type":"article","og_title":"L\u2019UE s\u2019attaque aux all\u00e9gations environnementales trompeuses - moov","og_description":"Nich\u00e9 au c\u0153ur du centre historique de Bruxelles, au sein des c\u00e9l\u00e8bres Galeries Saint-Hubert, moov.law est un cabinet de proximit\u00e9, \u00e0 taille humaine, dont les valeurs sont l\u2019excellence, le pragmatisme, la transparence, le sens du service et le bien-\u00eatre de ses membres.","og_url":"https:\/\/moov.law\/nl\/lue-sattaque-aux-allegations-environnementales-trompeuses\/","og_site_name":"moov","article_published_time":"2024-03-15T09:19:12+00:00","article_modified_time":"2024-05-08T10:05:19+00:00","og_image":[{"width":1386,"height":924,"url":"https:\/\/moov.law\/wp-content\/uploads\/2024\/03\/Imageee1.jpg","type":"image\/jpeg"}],"author":"contact@moov.law","twitter_card":"summary_large_image","twitter_misc":{"Geschreven door":"contact@moov.law","Geschatte leestijd":"7 minuten"},"schema":{"@context":"https:\/\/schema.org","@graph":[{"@type":"Article","@id":"https:\/\/moov.law\/nl\/lue-sattaque-aux-allegations-environnementales-trompeuses\/#article","isPartOf":{"@id":"https:\/\/moov.law\/nl\/lue-sattaque-aux-allegations-environnementales-trompeuses\/"},"author":{"name":"contact@moov.law","@id":"https:\/\/moov.law\/#\/schema\/person\/b2ec0c78359ee74c54a90e0de6cb97a7"},"headline":"L\u2019UE s\u2019attaque aux all\u00e9gations environnementales trompeuses","datePublished":"2024-03-15T09:19:12+00:00","dateModified":"2024-05-08T10:05:19+00:00","mainEntityOfPage":{"@id":"https:\/\/moov.law\/nl\/lue-sattaque-aux-allegations-environnementales-trompeuses\/"},"wordCount":1325,"publisher":{"@id":"https:\/\/moov.law\/#organization"},"image":{"@id":"https:\/\/moov.law\/nl\/lue-sattaque-aux-allegations-environnementales-trompeuses\/#primaryimage"},"thumbnailUrl":"https:\/\/moov.law\/wp-content\/uploads\/2024\/03\/Imageee1.jpg","keywords":["2024\/825","commission","directive","entreprise","environnement","europe","greenwashing","parlement"],"articleSection":["Droit europ\u00e9en"],"inLanguage":"nl-NL"},{"@type":"WebPage","@id":"https:\/\/moov.law\/nl\/lue-sattaque-aux-allegations-environnementales-trompeuses\/","url":"https:\/\/moov.law\/nl\/lue-sattaque-aux-allegations-environnementales-trompeuses\/","name":"L\u2019UE s\u2019attaque aux all\u00e9gations environnementales trompeuses - moov","isPartOf":{"@id":"https:\/\/moov.law\/#website"},"primaryImageOfPage":{"@id":"https:\/\/moov.law\/nl\/lue-sattaque-aux-allegations-environnementales-trompeuses\/#primaryimage"},"image":{"@id":"https:\/\/moov.law\/nl\/lue-sattaque-aux-allegations-environnementales-trompeuses\/#primaryimage"},"thumbnailUrl":"https:\/\/moov.law\/wp-content\/uploads\/2024\/03\/Imageee1.jpg","datePublished":"2024-03-15T09:19:12+00:00","dateModified":"2024-05-08T10:05:19+00:00","description":"Nich\u00e9 au c\u0153ur du centre historique de Bruxelles, au sein des c\u00e9l\u00e8bres Galeries Saint-Hubert, moov.law est un cabinet de proximit\u00e9, \u00e0 taille humaine, dont les valeurs sont l\u2019excellence, le pragmatisme, la transparence, le sens du service et le bien-\u00eatre de ses membres.","breadcrumb":{"@id":"https:\/\/moov.law\/nl\/lue-sattaque-aux-allegations-environnementales-trompeuses\/#breadcrumb"},"inLanguage":"nl-NL","potentialAction":[{"@type":"ReadAction","target":["https:\/\/moov.law\/nl\/lue-sattaque-aux-allegations-environnementales-trompeuses\/"]}]},{"@type":"ImageObject","inLanguage":"nl-NL","@id":"https:\/\/moov.law\/nl\/lue-sattaque-aux-allegations-environnementales-trompeuses\/#primaryimage","url":"https:\/\/moov.law\/wp-content\/uploads\/2024\/03\/Imageee1.jpg","contentUrl":"https:\/\/moov.law\/wp-content\/uploads\/2024\/03\/Imageee1.jpg","width":1386,"height":924},{"@type":"BreadcrumbList","@id":"https:\/\/moov.law\/nl\/lue-sattaque-aux-allegations-environnementales-trompeuses\/#breadcrumb","itemListElement":[{"@type":"ListItem","position":1,"name":"Accueil","item":"https:\/\/moov.law\/nl\/"},{"@type":"ListItem","position":2,"name":"L\u2019UE s\u2019attaque aux all\u00e9gations environnementales trompeuses"}]},{"@type":"WebSite","@id":"https:\/\/moov.law\/#website","url":"https:\/\/moov.law\/","name":"moov","description":"Cabinet d&#039;avocats nich\u00e9 au c\u0153ur de Bruxelles.","publisher":{"@id":"https:\/\/moov.law\/#organization"},"potentialAction":[{"@type":"SearchAction","target":{"@type":"EntryPoint","urlTemplate":"https:\/\/moov.law\/?s={search_term_string}"},"query-input":{"@type":"PropertyValueSpecification","valueRequired":true,"valueName":"search_term_string"}}],"inLanguage":"nl-NL"},{"@type":"Organization","@id":"https:\/\/moov.law\/#organization","name":"moov.law","url":"https:\/\/moov.law\/","logo":{"@type":"ImageObject","inLanguage":"nl-NL","@id":"https:\/\/moov.law\/#\/schema\/logo\/image\/","url":"https:\/\/moov.law\/wp-content\/uploads\/2021\/11\/moov-logo.png","contentUrl":"https:\/\/moov.law\/wp-content\/uploads\/2021\/11\/moov-logo.png","width":1200,"height":800,"caption":"moov.law"},"image":{"@id":"https:\/\/moov.law\/#\/schema\/logo\/image\/"},"sameAs":["https:\/\/www.linkedin.com\/company\/moov-law"]},{"@type":"Person","@id":"https:\/\/moov.law\/#\/schema\/person\/b2ec0c78359ee74c54a90e0de6cb97a7","name":"contact@moov.law","url":"https:\/\/moov.law\/nl\/author\/contactmoov-law\/"}]}},"_links":{"self":[{"href":"https:\/\/moov.law\/nl\/wp-json\/wp\/v2\/posts\/3070","targetHints":{"allow":["GET"]}}],"collection":[{"href":"https:\/\/moov.law\/nl\/wp-json\/wp\/v2\/posts"}],"about":[{"href":"https:\/\/moov.law\/nl\/wp-json\/wp\/v2\/types\/post"}],"author":[{"embeddable":true,"href":"https:\/\/moov.law\/nl\/wp-json\/wp\/v2\/users\/2"}],"replies":[{"embeddable":true,"href":"https:\/\/moov.law\/nl\/wp-json\/wp\/v2\/comments?post=3070"}],"version-history":[{"count":1,"href":"https:\/\/moov.law\/nl\/wp-json\/wp\/v2\/posts\/3070\/revisions"}],"predecessor-version":[{"id":3072,"href":"https:\/\/moov.law\/nl\/wp-json\/wp\/v2\/posts\/3070\/revisions\/3072"}],"wp:featuredmedia":[{"embeddable":true,"href":"https:\/\/moov.law\/nl\/wp-json\/wp\/v2\/media\/2850"}],"wp:attachment":[{"href":"https:\/\/moov.law\/nl\/wp-json\/wp\/v2\/media?parent=3070"}],"wp:term":[{"taxonomy":"category","embeddable":true,"href":"https:\/\/moov.law\/nl\/wp-json\/wp\/v2\/categories?post=3070"},{"taxonomy":"post_tag","embeddable":true,"href":"https:\/\/moov.law\/nl\/wp-json\/wp\/v2\/tags?post=3070"}],"curies":[{"name":"wp","href":"https:\/\/api.w.org\/{rel}","templated":true}]}}