{"id":3153,"date":"2024-08-21T11:52:08","date_gmt":"2024-08-21T09:52:08","guid":{"rendered":"https:\/\/moov.law\/la-facturation-electronique-structuree-en-belgique-une-nouvelle-obligation-pour-le-b2b-des-le-1er-janvier-2026\/"},"modified":"2024-10-03T17:06:06","modified_gmt":"2024-10-03T15:06:06","slug":"la-facturation-electronique-structuree-en-belgique-une-nouvelle-obligation-pour-le-b2b-des-le-1er-janvier-2026","status":"publish","type":"post","link":"https:\/\/moov.law\/nl\/la-facturation-electronique-structuree-en-belgique-une-nouvelle-obligation-pour-le-b2b-des-le-1er-janvier-2026\/","title":{"rendered":"La facturation \u00e9lectronique structur\u00e9e en Belgique : une nouvelle obligation pour le B2B d\u00e8s le 1er janvier 2026"},"content":{"rendered":"\n<p><a href=\"https:\/\/www.ejustice.just.fgov.be\/eli\/loi\/2024\/02\/06\/2024001635\/moniteur\">\u00c0 partir du 1<sup>er <\/sup>janvier 2026<\/a>, les transactions entre entreprises assujetties \u00e0 la TVA en Belgique devront obligatoirement passer par la facturation \u00e9lectronique structur\u00e9e. Cette exigence repr\u00e9sente une \u00e9volution importante. Il est donc crucial de comprendre les enjeux de cette nouvelle r\u00e9glementation et de s\u2019y pr\u00e9parer d\u00e8s maintenant.<\/p>\n\n\n\n<p><strong>Qu\u2019est-ce que la facturation \u00e9lectronique structur\u00e9e&nbsp;?<\/strong><\/p>\n\n\n\n<p>La facturation \u00e9lectronique n\u2019est pas un concept nouveau. Depuis plusieurs ann\u00e9es, les entreprises ont la possibilit\u00e9 d\u2019\u00e9mettre et de recevoir des factures au format \u00e9lectronique, \u00e0 condition que le destinataire soit d&#8217;accord et que l\u2019authenticit\u00e9 des factures soit assur\u00e9e. Jusqu\u2019\u00e0 pr\u00e9sent, cela se faisait principalement via des fichiers PDF envoy\u00e9s par email.<\/p>\n\n\n\n<p>Cependant, il convient de diff\u00e9rencier ces factures \u00e9lectroniques classiques des factures \u00e9lectroniques structur\u00e9es qui deviendront obligatoires. En effet, ces factures devront d\u00e9sormais \u00eatre conformes \u00e0 la norme <a href=\"https:\/\/efacture.belgium.be\/fr\/article\/tout-ce-quil-faut-savoir-sur-peppol\">PEPPOL-BIS<\/a> (&#8220;Pan-European Public Procurement Online&#8221;).<\/p>\n\n\n\n<p>Il s\u2019agit du format d\u00e9j\u00e0 utilis\u00e9 pour les march\u00e9s publics en Belgique.<\/p>\n\n\n\n<p><strong>Qui est concern\u00e9&nbsp;?<\/strong><\/p>\n\n\n\n<p>Pour \u00eatre soumis \u00e0 cette obligation, plusieurs crit\u00e8res devront \u00eatre remplis :<\/p>\n\n\n\n<ol class=\"wp-block-list\">\n<li>Emetteur de la facture&nbsp;: cette obligation s&#8217;appliquera \u00e0 tous les assujettis \u00e0 la TVA et aux membres d&#8217;une unit\u00e9 TVA \u00e9tablis en Belgique. Pour les soci\u00e9t\u00e9s \u00e9trang\u00e8res, l&#8217;obligation ne s&#8217;applique que si la soci\u00e9t\u00e9 a un \u00e9tablissement permanent en Belgique.<\/li>\n\n\n\n<li>Destinataire de la facture&nbsp;: il devra \u00e9galement \u00eatre assujetti \u00e0 la TVA et devra communiquer son num\u00e9ro de TVA pour la transaction. L&#8217;obligation s&#8217;appliquera \u00e9galement aux entreprises \u00e9trang\u00e8res disposant d&#8217;un num\u00e9ro de TVA belge.<\/li>\n\n\n\n<li>Type de transaction&nbsp;: la livraison de biens ou la prestation de services en Belgique, non exon\u00e9r\u00e9es de TVA.<\/li>\n<\/ol>\n\n\n\n<p>Il existe n\u00e9anmoins quelques exceptions. Ainsi, Il n\u2019est pas obligatoire d\u2019envoyer des factures \u00e9lectroniques structur\u00e9es pour :<\/p>\n\n\n\n<ul class=\"wp-block-list\">\n<li>les assujettis faillis<\/li>\n\n\n\n<li>les entreprises qui r\u00e9alisent uniquement des op\u00e9rations exempt\u00e9es en vertu de l\u2019article 44 du Code de la TVA<\/li>\n\n\n\n<li>les assujettis non \u00e9tablis en Belgique, sans \u00e9tablissement stable<\/li>\n\n\n\n<li>les assujettis forfaitaires (article 56 du Code de la TVA)<\/li>\n<\/ul>\n\n\n\n<p><strong>Les d\u00e9fis de la facturation \u00e9lectronique obligatoire<\/strong><\/p>\n\n\n\n<p>L\u2019adoption de la facturation \u00e9lectronique structur\u00e9e peut g\u00e9n\u00e9rer des \u00e9conomies importantes : r\u00e9duction des frais d\u2019impression et d\u2019affranchissement, paiements plus rapides, automatisation, etc. Cependant, cette transition n\u00e9cessite \u00e9galement des investissements.<\/p>\n\n\n\n<p>C&#8217;est pourquoi, des <a href=\"https:\/\/finances.belgium.be\/fr\/entreprises\/impot_des_societes\/avantages_fiscaux\/deduction_pour_investissement\">mesures fiscales de soutien<\/a>, telles qu\u2019une d\u00e9duction temporaire de 120 % des investissements informatiques n\u00e9cessaires, sont pr\u00e9vues pour aider les petites et moyennes entreprises \u00e0 absorber ces co\u00fbts.<\/p>\n\n\n\n<p><strong>Barbara Catalano<\/strong><\/p>\n\n\n\n<p>Avocate<\/p>\n\n\n\n<p><a href=\"mailto:bc&#64;mo&#111;&#118;&#46;&#108;&#97;&#119;\">&#x62;&#x63;&#64;&#109;o&#x6f;&#x76;&#x2e;&#108;&#97;w<\/a><\/p>\n","protected":false},"excerpt":{"rendered":"<p>\u00c0 partir du 1er janvier 2026, les transactions entre entreprises assujetties \u00e0 la TVA en Belgique devront obligatoirement passer par la facturation \u00e9lectronique structur\u00e9e. Cette&#8230;<\/p>\n","protected":false},"author":2,"featured_media":3150,"comment_status":"closed","ping_status":"open","sticky":false,"template":"","format":"standard","meta":{"footnotes":""},"categories":[36],"tags":[],"class_list":["post-3153","post","type-post","status-publish","format-standard","has-post-thumbnail","hentry","category-handelsrecht"],"acf":[],"yoast_head":"<!-- This site is optimized with the Yoast SEO plugin v27.5 - https:\/\/yoast.com\/product\/yoast-seo-wordpress\/ -->\n<title>La facturation \u00e9lectronique structur\u00e9e en Belgique : une nouvelle obligation pour le B2B d\u00e8s le 1er janvier 2026 - moov<\/title>\n<meta name=\"description\" content=\"Nich\u00e9 au c\u0153ur du centre historique de Bruxelles, au sein des c\u00e9l\u00e8bres Galeries Saint-Hubert, moov.law est un cabinet de proximit\u00e9, \u00e0 taille humaine, dont les valeurs sont l\u2019excellence, le pragmatisme, la transparence, le sens du service et le bien-\u00eatre de ses membres.\" \/>\n<meta name=\"robots\" content=\"index, follow, max-snippet:-1, max-image-preview:large, max-video-preview:-1\" \/>\n<link rel=\"canonical\" href=\"https:\/\/moov.law\/nl\/la-facturation-electronique-structuree-en-belgique-une-nouvelle-obligation-pour-le-b2b-des-le-1er-janvier-2026\/\" \/>\n<meta property=\"og:locale\" content=\"nl_NL\" \/>\n<meta property=\"og:type\" content=\"article\" \/>\n<meta property=\"og:title\" content=\"La facturation \u00e9lectronique structur\u00e9e en Belgique : une nouvelle obligation pour le B2B d\u00e8s le 1er janvier 2026 - moov\" \/>\n<meta property=\"og:description\" content=\"Nich\u00e9 au c\u0153ur du centre historique de Bruxelles, au sein des c\u00e9l\u00e8bres Galeries Saint-Hubert, moov.law est un cabinet de proximit\u00e9, \u00e0 taille humaine, dont les valeurs sont l\u2019excellence, le pragmatisme, la transparence, le sens du service et le bien-\u00eatre de ses membres.\" \/>\n<meta property=\"og:url\" content=\"https:\/\/moov.law\/nl\/la-facturation-electronique-structuree-en-belgique-une-nouvelle-obligation-pour-le-b2b-des-le-1er-janvier-2026\/\" \/>\n<meta property=\"og:site_name\" content=\"moov\" \/>\n<meta property=\"article:published_time\" content=\"2024-08-21T09:52:08+00:00\" \/>\n<meta property=\"article:modified_time\" content=\"2024-10-03T15:06:06+00:00\" \/>\n<meta property=\"og:image\" content=\"https:\/\/moov.law\/wp-content\/uploads\/2024\/08\/pexels-mikhail-nilov-8296949-scaled.jpg\" \/>\n\t<meta property=\"og:image:width\" content=\"1707\" \/>\n\t<meta property=\"og:image:height\" content=\"2560\" \/>\n\t<meta property=\"og:image:type\" content=\"image\/jpeg\" \/>\n<meta name=\"author\" content=\"contact@moov.law\" \/>\n<meta name=\"twitter:card\" content=\"summary_large_image\" \/>\n<meta name=\"twitter:label1\" content=\"Geschreven door\" \/>\n\t<meta name=\"twitter:data1\" content=\"contact@moov.law\" \/>\n\t<meta name=\"twitter:label2\" content=\"Geschatte leestijd\" \/>\n\t<meta name=\"twitter:data2\" content=\"2 minuten\" \/>\n<script type=\"application\/ld+json\" class=\"yoast-schema-graph\">{\"@context\":\"https:\\\/\\\/schema.org\",\"@graph\":[{\"@type\":\"Article\",\"@id\":\"https:\\\/\\\/moov.law\\\/nl\\\/la-facturation-electronique-structuree-en-belgique-une-nouvelle-obligation-pour-le-b2b-des-le-1er-janvier-2026\\\/#article\",\"isPartOf\":{\"@id\":\"https:\\\/\\\/moov.law\\\/nl\\\/la-facturation-electronique-structuree-en-belgique-une-nouvelle-obligation-pour-le-b2b-des-le-1er-janvier-2026\\\/\"},\"author\":{\"name\":\"contact@moov.law\",\"@id\":\"https:\\\/\\\/moov.law\\\/#\\\/schema\\\/person\\\/b2ec0c78359ee74c54a90e0de6cb97a7\"},\"headline\":\"La facturation \u00e9lectronique structur\u00e9e en Belgique : une nouvelle obligation pour le B2B d\u00e8s le 1er janvier 2026\",\"datePublished\":\"2024-08-21T09:52:08+00:00\",\"dateModified\":\"2024-10-03T15:06:06+00:00\",\"mainEntityOfPage\":{\"@id\":\"https:\\\/\\\/moov.law\\\/nl\\\/la-facturation-electronique-structuree-en-belgique-une-nouvelle-obligation-pour-le-b2b-des-le-1er-janvier-2026\\\/\"},\"wordCount\":448,\"publisher\":{\"@id\":\"https:\\\/\\\/moov.law\\\/#organization\"},\"image\":{\"@id\":\"https:\\\/\\\/moov.law\\\/nl\\\/la-facturation-electronique-structuree-en-belgique-une-nouvelle-obligation-pour-le-b2b-des-le-1er-janvier-2026\\\/#primaryimage\"},\"thumbnailUrl\":\"https:\\\/\\\/moov.law\\\/wp-content\\\/uploads\\\/2024\\\/08\\\/pexels-mikhail-nilov-8296949-scaled.jpg\",\"articleSection\":[\"Handelsrecht\"],\"inLanguage\":\"nl-NL\"},{\"@type\":\"WebPage\",\"@id\":\"https:\\\/\\\/moov.law\\\/nl\\\/la-facturation-electronique-structuree-en-belgique-une-nouvelle-obligation-pour-le-b2b-des-le-1er-janvier-2026\\\/\",\"url\":\"https:\\\/\\\/moov.law\\\/nl\\\/la-facturation-electronique-structuree-en-belgique-une-nouvelle-obligation-pour-le-b2b-des-le-1er-janvier-2026\\\/\",\"name\":\"La facturation \u00e9lectronique structur\u00e9e en Belgique : une nouvelle obligation pour le B2B d\u00e8s le 1er janvier 2026 - moov\",\"isPartOf\":{\"@id\":\"https:\\\/\\\/moov.law\\\/#website\"},\"primaryImageOfPage\":{\"@id\":\"https:\\\/\\\/moov.law\\\/nl\\\/la-facturation-electronique-structuree-en-belgique-une-nouvelle-obligation-pour-le-b2b-des-le-1er-janvier-2026\\\/#primaryimage\"},\"image\":{\"@id\":\"https:\\\/\\\/moov.law\\\/nl\\\/la-facturation-electronique-structuree-en-belgique-une-nouvelle-obligation-pour-le-b2b-des-le-1er-janvier-2026\\\/#primaryimage\"},\"thumbnailUrl\":\"https:\\\/\\\/moov.law\\\/wp-content\\\/uploads\\\/2024\\\/08\\\/pexels-mikhail-nilov-8296949-scaled.jpg\",\"datePublished\":\"2024-08-21T09:52:08+00:00\",\"dateModified\":\"2024-10-03T15:06:06+00:00\",\"description\":\"Nich\u00e9 au c\u0153ur du centre historique de Bruxelles, au sein des c\u00e9l\u00e8bres Galeries Saint-Hubert, moov.law est un cabinet de proximit\u00e9, \u00e0 taille humaine, dont les valeurs sont l\u2019excellence, le pragmatisme, la transparence, le sens du service et le bien-\u00eatre de ses membres.\",\"breadcrumb\":{\"@id\":\"https:\\\/\\\/moov.law\\\/nl\\\/la-facturation-electronique-structuree-en-belgique-une-nouvelle-obligation-pour-le-b2b-des-le-1er-janvier-2026\\\/#breadcrumb\"},\"inLanguage\":\"nl-NL\",\"potentialAction\":[{\"@type\":\"ReadAction\",\"target\":[\"https:\\\/\\\/moov.law\\\/nl\\\/la-facturation-electronique-structuree-en-belgique-une-nouvelle-obligation-pour-le-b2b-des-le-1er-janvier-2026\\\/\"]}]},{\"@type\":\"ImageObject\",\"inLanguage\":\"nl-NL\",\"@id\":\"https:\\\/\\\/moov.law\\\/nl\\\/la-facturation-electronique-structuree-en-belgique-une-nouvelle-obligation-pour-le-b2b-des-le-1er-janvier-2026\\\/#primaryimage\",\"url\":\"https:\\\/\\\/moov.law\\\/wp-content\\\/uploads\\\/2024\\\/08\\\/pexels-mikhail-nilov-8296949-scaled.jpg\",\"contentUrl\":\"https:\\\/\\\/moov.law\\\/wp-content\\\/uploads\\\/2024\\\/08\\\/pexels-mikhail-nilov-8296949-scaled.jpg\",\"width\":1707,\"height\":2560},{\"@type\":\"BreadcrumbList\",\"@id\":\"https:\\\/\\\/moov.law\\\/nl\\\/la-facturation-electronique-structuree-en-belgique-une-nouvelle-obligation-pour-le-b2b-des-le-1er-janvier-2026\\\/#breadcrumb\",\"itemListElement\":[{\"@type\":\"ListItem\",\"position\":1,\"name\":\"Accueil\",\"item\":\"https:\\\/\\\/moov.law\\\/nl\\\/\"},{\"@type\":\"ListItem\",\"position\":2,\"name\":\"La facturation \u00e9lectronique structur\u00e9e en Belgique : une nouvelle obligation pour le B2B d\u00e8s le 1er janvier 2026\"}]},{\"@type\":\"WebSite\",\"@id\":\"https:\\\/\\\/moov.law\\\/#website\",\"url\":\"https:\\\/\\\/moov.law\\\/\",\"name\":\"moov\",\"description\":\"Cabinet d&#039;avocats nich\u00e9 au c\u0153ur de Bruxelles.\",\"publisher\":{\"@id\":\"https:\\\/\\\/moov.law\\\/#organization\"},\"potentialAction\":[{\"@type\":\"SearchAction\",\"target\":{\"@type\":\"EntryPoint\",\"urlTemplate\":\"https:\\\/\\\/moov.law\\\/?s={search_term_string}\"},\"query-input\":{\"@type\":\"PropertyValueSpecification\",\"valueRequired\":true,\"valueName\":\"search_term_string\"}}],\"inLanguage\":\"nl-NL\"},{\"@type\":\"Organization\",\"@id\":\"https:\\\/\\\/moov.law\\\/#organization\",\"name\":\"moov.law\",\"url\":\"https:\\\/\\\/moov.law\\\/\",\"logo\":{\"@type\":\"ImageObject\",\"inLanguage\":\"nl-NL\",\"@id\":\"https:\\\/\\\/moov.law\\\/#\\\/schema\\\/logo\\\/image\\\/\",\"url\":\"https:\\\/\\\/moov.law\\\/wp-content\\\/uploads\\\/2021\\\/11\\\/moov-logo.png\",\"contentUrl\":\"https:\\\/\\\/moov.law\\\/wp-content\\\/uploads\\\/2021\\\/11\\\/moov-logo.png\",\"width\":1200,\"height\":800,\"caption\":\"moov.law\"},\"image\":{\"@id\":\"https:\\\/\\\/moov.law\\\/#\\\/schema\\\/logo\\\/image\\\/\"},\"sameAs\":[\"https:\\\/\\\/www.linkedin.com\\\/company\\\/moov-law\"]},{\"@type\":\"Person\",\"@id\":\"https:\\\/\\\/moov.law\\\/#\\\/schema\\\/person\\\/b2ec0c78359ee74c54a90e0de6cb97a7\",\"name\":\"contact@moov.law\",\"url\":\"https:\\\/\\\/moov.law\\\/nl\\\/author\\\/contactmoov-law\\\/\"}]}<\/script>\n<!-- \/ Yoast SEO plugin. -->","yoast_head_json":{"title":"La facturation \u00e9lectronique structur\u00e9e en Belgique : une nouvelle obligation pour le B2B d\u00e8s le 1er janvier 2026 - moov","description":"Nich\u00e9 au c\u0153ur du centre historique de Bruxelles, au sein des c\u00e9l\u00e8bres Galeries Saint-Hubert, moov.law est un cabinet de proximit\u00e9, \u00e0 taille humaine, dont les valeurs sont l\u2019excellence, le pragmatisme, la transparence, le sens du service et le bien-\u00eatre de ses membres.","robots":{"index":"index","follow":"follow","max-snippet":"max-snippet:-1","max-image-preview":"max-image-preview:large","max-video-preview":"max-video-preview:-1"},"canonical":"https:\/\/moov.law\/nl\/la-facturation-electronique-structuree-en-belgique-une-nouvelle-obligation-pour-le-b2b-des-le-1er-janvier-2026\/","og_locale":"nl_NL","og_type":"article","og_title":"La facturation \u00e9lectronique structur\u00e9e en Belgique : une nouvelle obligation pour le B2B d\u00e8s le 1er janvier 2026 - moov","og_description":"Nich\u00e9 au c\u0153ur du centre historique de Bruxelles, au sein des c\u00e9l\u00e8bres Galeries Saint-Hubert, moov.law est un cabinet de proximit\u00e9, \u00e0 taille humaine, dont les valeurs sont l\u2019excellence, le pragmatisme, la transparence, le sens du service et le bien-\u00eatre de ses membres.","og_url":"https:\/\/moov.law\/nl\/la-facturation-electronique-structuree-en-belgique-une-nouvelle-obligation-pour-le-b2b-des-le-1er-janvier-2026\/","og_site_name":"moov","article_published_time":"2024-08-21T09:52:08+00:00","article_modified_time":"2024-10-03T15:06:06+00:00","og_image":[{"width":1707,"height":2560,"url":"https:\/\/moov.law\/wp-content\/uploads\/2024\/08\/pexels-mikhail-nilov-8296949-scaled.jpg","type":"image\/jpeg"}],"author":"contact@moov.law","twitter_card":"summary_large_image","twitter_misc":{"Geschreven door":"contact@moov.law","Geschatte leestijd":"2 minuten"},"schema":{"@context":"https:\/\/schema.org","@graph":[{"@type":"Article","@id":"https:\/\/moov.law\/nl\/la-facturation-electronique-structuree-en-belgique-une-nouvelle-obligation-pour-le-b2b-des-le-1er-janvier-2026\/#article","isPartOf":{"@id":"https:\/\/moov.law\/nl\/la-facturation-electronique-structuree-en-belgique-une-nouvelle-obligation-pour-le-b2b-des-le-1er-janvier-2026\/"},"author":{"name":"contact@moov.law","@id":"https:\/\/moov.law\/#\/schema\/person\/b2ec0c78359ee74c54a90e0de6cb97a7"},"headline":"La facturation \u00e9lectronique structur\u00e9e en Belgique : une nouvelle obligation pour le B2B d\u00e8s le 1er janvier 2026","datePublished":"2024-08-21T09:52:08+00:00","dateModified":"2024-10-03T15:06:06+00:00","mainEntityOfPage":{"@id":"https:\/\/moov.law\/nl\/la-facturation-electronique-structuree-en-belgique-une-nouvelle-obligation-pour-le-b2b-des-le-1er-janvier-2026\/"},"wordCount":448,"publisher":{"@id":"https:\/\/moov.law\/#organization"},"image":{"@id":"https:\/\/moov.law\/nl\/la-facturation-electronique-structuree-en-belgique-une-nouvelle-obligation-pour-le-b2b-des-le-1er-janvier-2026\/#primaryimage"},"thumbnailUrl":"https:\/\/moov.law\/wp-content\/uploads\/2024\/08\/pexels-mikhail-nilov-8296949-scaled.jpg","articleSection":["Handelsrecht"],"inLanguage":"nl-NL"},{"@type":"WebPage","@id":"https:\/\/moov.law\/nl\/la-facturation-electronique-structuree-en-belgique-une-nouvelle-obligation-pour-le-b2b-des-le-1er-janvier-2026\/","url":"https:\/\/moov.law\/nl\/la-facturation-electronique-structuree-en-belgique-une-nouvelle-obligation-pour-le-b2b-des-le-1er-janvier-2026\/","name":"La facturation \u00e9lectronique structur\u00e9e en Belgique : une nouvelle obligation pour le B2B d\u00e8s le 1er janvier 2026 - moov","isPartOf":{"@id":"https:\/\/moov.law\/#website"},"primaryImageOfPage":{"@id":"https:\/\/moov.law\/nl\/la-facturation-electronique-structuree-en-belgique-une-nouvelle-obligation-pour-le-b2b-des-le-1er-janvier-2026\/#primaryimage"},"image":{"@id":"https:\/\/moov.law\/nl\/la-facturation-electronique-structuree-en-belgique-une-nouvelle-obligation-pour-le-b2b-des-le-1er-janvier-2026\/#primaryimage"},"thumbnailUrl":"https:\/\/moov.law\/wp-content\/uploads\/2024\/08\/pexels-mikhail-nilov-8296949-scaled.jpg","datePublished":"2024-08-21T09:52:08+00:00","dateModified":"2024-10-03T15:06:06+00:00","description":"Nich\u00e9 au c\u0153ur du centre historique de Bruxelles, au sein des c\u00e9l\u00e8bres Galeries Saint-Hubert, moov.law est un cabinet de proximit\u00e9, \u00e0 taille humaine, dont les valeurs sont l\u2019excellence, le pragmatisme, la transparence, le sens du service et le bien-\u00eatre de ses membres.","breadcrumb":{"@id":"https:\/\/moov.law\/nl\/la-facturation-electronique-structuree-en-belgique-une-nouvelle-obligation-pour-le-b2b-des-le-1er-janvier-2026\/#breadcrumb"},"inLanguage":"nl-NL","potentialAction":[{"@type":"ReadAction","target":["https:\/\/moov.law\/nl\/la-facturation-electronique-structuree-en-belgique-une-nouvelle-obligation-pour-le-b2b-des-le-1er-janvier-2026\/"]}]},{"@type":"ImageObject","inLanguage":"nl-NL","@id":"https:\/\/moov.law\/nl\/la-facturation-electronique-structuree-en-belgique-une-nouvelle-obligation-pour-le-b2b-des-le-1er-janvier-2026\/#primaryimage","url":"https:\/\/moov.law\/wp-content\/uploads\/2024\/08\/pexels-mikhail-nilov-8296949-scaled.jpg","contentUrl":"https:\/\/moov.law\/wp-content\/uploads\/2024\/08\/pexels-mikhail-nilov-8296949-scaled.jpg","width":1707,"height":2560},{"@type":"BreadcrumbList","@id":"https:\/\/moov.law\/nl\/la-facturation-electronique-structuree-en-belgique-une-nouvelle-obligation-pour-le-b2b-des-le-1er-janvier-2026\/#breadcrumb","itemListElement":[{"@type":"ListItem","position":1,"name":"Accueil","item":"https:\/\/moov.law\/nl\/"},{"@type":"ListItem","position":2,"name":"La facturation \u00e9lectronique structur\u00e9e en Belgique : une nouvelle obligation pour le B2B d\u00e8s le 1er janvier 2026"}]},{"@type":"WebSite","@id":"https:\/\/moov.law\/#website","url":"https:\/\/moov.law\/","name":"moov","description":"Cabinet d&#039;avocats nich\u00e9 au c\u0153ur de Bruxelles.","publisher":{"@id":"https:\/\/moov.law\/#organization"},"potentialAction":[{"@type":"SearchAction","target":{"@type":"EntryPoint","urlTemplate":"https:\/\/moov.law\/?s={search_term_string}"},"query-input":{"@type":"PropertyValueSpecification","valueRequired":true,"valueName":"search_term_string"}}],"inLanguage":"nl-NL"},{"@type":"Organization","@id":"https:\/\/moov.law\/#organization","name":"moov.law","url":"https:\/\/moov.law\/","logo":{"@type":"ImageObject","inLanguage":"nl-NL","@id":"https:\/\/moov.law\/#\/schema\/logo\/image\/","url":"https:\/\/moov.law\/wp-content\/uploads\/2021\/11\/moov-logo.png","contentUrl":"https:\/\/moov.law\/wp-content\/uploads\/2021\/11\/moov-logo.png","width":1200,"height":800,"caption":"moov.law"},"image":{"@id":"https:\/\/moov.law\/#\/schema\/logo\/image\/"},"sameAs":["https:\/\/www.linkedin.com\/company\/moov-law"]},{"@type":"Person","@id":"https:\/\/moov.law\/#\/schema\/person\/b2ec0c78359ee74c54a90e0de6cb97a7","name":"contact@moov.law","url":"https:\/\/moov.law\/nl\/author\/contactmoov-law\/"}]}},"_links":{"self":[{"href":"https:\/\/moov.law\/nl\/wp-json\/wp\/v2\/posts\/3153","targetHints":{"allow":["GET"]}}],"collection":[{"href":"https:\/\/moov.law\/nl\/wp-json\/wp\/v2\/posts"}],"about":[{"href":"https:\/\/moov.law\/nl\/wp-json\/wp\/v2\/types\/post"}],"author":[{"embeddable":true,"href":"https:\/\/moov.law\/nl\/wp-json\/wp\/v2\/users\/2"}],"replies":[{"embeddable":true,"href":"https:\/\/moov.law\/nl\/wp-json\/wp\/v2\/comments?post=3153"}],"version-history":[{"count":2,"href":"https:\/\/moov.law\/nl\/wp-json\/wp\/v2\/posts\/3153\/revisions"}],"predecessor-version":[{"id":3172,"href":"https:\/\/moov.law\/nl\/wp-json\/wp\/v2\/posts\/3153\/revisions\/3172"}],"wp:featuredmedia":[{"embeddable":true,"href":"https:\/\/moov.law\/nl\/wp-json\/wp\/v2\/media\/3150"}],"wp:attachment":[{"href":"https:\/\/moov.law\/nl\/wp-json\/wp\/v2\/media?parent=3153"}],"wp:term":[{"taxonomy":"category","embeddable":true,"href":"https:\/\/moov.law\/nl\/wp-json\/wp\/v2\/categories?post=3153"},{"taxonomy":"post_tag","embeddable":true,"href":"https:\/\/moov.law\/nl\/wp-json\/wp\/v2\/tags?post=3153"}],"curies":[{"name":"wp","href":"https:\/\/api.w.org\/{rel}","templated":true}]}}